{"id":47818,"date":"2025-08-10T11:15:15","date_gmt":"2025-08-10T08:15:15","guid":{"rendered":"https:\/\/www.egemtv.com\/?p=47818"},"modified":"2025-08-10T11:15:16","modified_gmt":"2025-08-10T08:15:16","slug":"efelerde-yeni-egitim-yili-hazirliklari-suruyor","status":"publish","type":"post","link":"https:\/\/www.egemtv.com\/?p=47818","title":{"rendered":"Efeler\u2019de yeni e\u011fitim y\u0131l\u0131 haz\u0131rl\u0131klar\u0131 s\u00fcr\u00fcyor"},"content":{"rendered":"<p>Efeler \u0130l\u00e7e Milli E\u011fitim M\u00fcd\u00fcr\u00fc Hakan \u00d6zcan, 2025-2026 E\u011fitim-\u00d6\u011fretim Y\u0131l\u0131 haz\u0131rl\u0131klar\u0131 kapsam\u0131nda Ayd\u0131n Fen Lisesi\u2019ni ziyaret etti. Okulda y\u00fcr\u00fct\u00fclen \u00e7al\u0131\u015fmalar\u0131 yerinde inceleyen \u00d6zcan, yetkililerden bilgi ald\u0131.<\/p>\n<p>Ziyarette s\u0131n\u0131flar, laboratuvarlar ve ortak kullan\u0131m alanlar\u0131n\u0131 gezen \u00d6zcan, yeni e\u011fitim-\u00f6\u011fretim d\u00f6nemine \u00f6\u011frencilerin en iyi \u015fartlarda ba\u015flamas\u0131 i\u00e7in haz\u0131rl\u0131klar\u0131n titizlikle s\u00fcrd\u00fc\u011f\u00fcn\u00fc ifade etti. \u0130l\u00e7e genelinde bak\u0131m, onar\u0131m ve donat\u0131m \u00e7al\u0131\u015fmalar\u0131n\u0131n da e\u015f zamanl\u0131 olarak devam etti\u011fi belirtildi. Efeler \u0130l\u00e7e Milli E\u011fitim M\u00fcd\u00fcr\u00fc \u00d6zcan, okul idarecilerine ve \u00f6\u011fretmenlere emeklerinden dolay\u0131 te\u015fekk\u00fcr ederek yeni e\u011fitim-\u00f6\u011fretim y\u0131l\u0131nda ba\u015far\u0131lar diledi.<br \/><\/p>\n","protected":false},"excerpt":{"rendered":"<p>Efeler \u0130l\u00e7e Milli E\u011fitim M\u00fcd\u00fcr\u00fc Hakan \u00d6zcan, 2025-2026 E\u011fitim-\u00d6\u011fretim Y\u0131l\u0131 haz\u0131rl\u0131klar\u0131 kapsam\u0131nda Ayd\u0131n Fen Lisesi\u2019ni ziyaret etti. Okulda y\u00fcr\u00fct\u00fclen \u00e7al\u0131\u015fmalar\u0131 yerinde inceleyen \u00d6zcan, yetkililerden bilgi ald\u0131. Ziyarette s\u0131n\u0131flar, laboratuvarlar ve ortak kullan\u0131m alanlar\u0131n\u0131 gezen \u00d6zcan, yeni e\u011fitim-\u00f6\u011fretim d\u00f6nemine \u00f6\u011frencilerin en iyi \u015fartlarda ba\u015flamas\u0131 i\u00e7in haz\u0131rl\u0131klar\u0131n titizlikle s\u00fcrd\u00fc\u011f\u00fcn\u00fc ifade etti. \u0130l\u00e7e genelinde bak\u0131m, onar\u0131m ve donat\u0131m&#8230;<\/p>\n","protected":false},"author":1,"featured_media":47819,"comment_status":"open","ping_status":"open","sticky":false,"template":"","format":"standard","meta":{"_crdt_document":"","footnotes":""},"categories":[1],"tags":[],"class_list":["post-47818","post","type-post","status-publish","format-standard","has-post-thumbnail","hentry","category-guncel"],"_links":{"self":[{"href":"https:\/\/www.egemtv.com\/index.php?rest_route=\/wp\/v2\/posts\/47818","targetHints":{"allow":["GET"]}}],"collection":[{"href":"https:\/\/www.egemtv.com\/index.php?rest_route=\/wp\/v2\/posts"}],"about":[{"href":"https:\/\/www.egemtv.com\/index.php?rest_route=\/wp\/v2\/types\/post"}],"author":[{"embeddable":true,"href":"https:\/\/www.egemtv.com\/index.php?rest_route=\/wp\/v2\/users\/1"}],"replies":[{"embeddable":true,"href":"https:\/\/www.egemtv.com\/index.php?rest_route=%2Fwp%2Fv2%2Fcomments&post=47818"}],"version-history":[{"count":1,"href":"https:\/\/www.egemtv.com\/index.php?rest_route=\/wp\/v2\/posts\/47818\/revisions"}],"predecessor-version":[{"id":47820,"href":"https:\/\/www.egemtv.com\/index.php?rest_route=\/wp\/v2\/posts\/47818\/revisions\/47820"}],"wp:featuredmedia":[{"embeddable":true,"href":"https:\/\/www.egemtv.com\/index.php?rest_route=\/wp\/v2\/media\/47819"}],"wp:attachment":[{"href":"https:\/\/www.egemtv.com\/index.php?rest_route=%2Fwp%2Fv2%2Fmedia&parent=47818"}],"wp:term":[{"taxonomy":"category","embeddable":true,"href":"https:\/\/www.egemtv.com\/index.php?rest_route=%2Fwp%2Fv2%2Fcategories&post=47818"},{"taxonomy":"post_tag","embeddable":true,"href":"https:\/\/www.egemtv.com\/index.php?rest_route=%2Fwp%2Fv2%2Ftags&post=47818"}],"curies":[{"name":"wp","href":"https:\/\/api.w.org\/{rel}","templated":true}]}}