{"id":47815,"date":"2025-08-10T11:15:14","date_gmt":"2025-08-10T08:15:14","guid":{"rendered":"https:\/\/www.egemtv.com\/?p=47815"},"modified":"2025-08-10T11:15:15","modified_gmt":"2025-08-10T08:15:15","slug":"sokede-yaz-kuran-kursu-ogrencilerine-bilinclendirme-seminerleri","status":"publish","type":"post","link":"https:\/\/www.egemtv.com\/?p=47815","title":{"rendered":"S\u00f6ke\u2019de yaz Kur\u2019an kursu \u00f6\u011frencilerine bilin\u00e7lendirme seminerleri"},"content":{"rendered":"<p>Ayd\u0131n\u2019\u0131n S\u00f6ke il\u00e7esinde yaz Kur\u2019an kurslar\u0131na kat\u0131lan \u00f6\u011frencilere, dini bilgilerin yan\u0131 s\u0131ra ki\u015fisel geli\u015fim ve sosyal fark\u0131ndal\u0131k konular\u0131nda da e\u011fitimler veriliyor.<\/p>\n<p>S\u00f6ke \u0130l\u00e7e M\u00fcft\u00fcl\u00fc\u011f\u00fc, kurs s\u00fcresince \u00f6\u011frencileri bilin\u00e7lendirmeye y\u00f6nelik \u00e7e\u015fitli seminer programlar\u0131 d\u00fczenliyor. \u0130l\u00e7e vaizi Elif G\u00fcm\u00fc\u015f G\u00f6lba\u015f\u0131 ve Din Hizmetleri Uzman\u0131 Ali Ocak taraf\u0131ndan verilen seminerlerde; \u2019Mahremiyet Bilinci, Akran Zorbal\u0131\u011f\u0131, \u00c7evre Ahlak\u0131, Teknoloji Ba\u011f\u0131ml\u0131l\u0131\u011f\u0131\u2019 gibi konular i\u015fleniyor. \u00d6\u011frencilere mahremiyetin tan\u0131m\u0131 ve gereklili\u011fi, bireysel ve aile mahremiyetinin korunmas\u0131, teknoloji ba\u011f\u0131ml\u0131l\u0131\u011f\u0131n\u0131n zararlar\u0131, akran zorbal\u0131\u011f\u0131n\u0131n olumsuz etkileri ve \u00e7evre ahlak\u0131n\u0131n \u00f6nemi hakk\u0131nda hem teorik hem de uygulamal\u0131 bilgiler aktar\u0131l\u0131yor. Milli ve manevi de\u011ferlerin de vurguland\u0131\u011f\u0131 seminerlerin, yaz Kur\u2019an kursu s\u00fcresince il\u00e7edeki farkl\u0131 cami ve Kur\u2019an kurslar\u0131nda yap\u0131lmaya devam edece\u011fi belirtildi.<br \/><\/p>\n","protected":false},"excerpt":{"rendered":"<p>Ayd\u0131n\u2019\u0131n S\u00f6ke il\u00e7esinde yaz Kur\u2019an kurslar\u0131na kat\u0131lan \u00f6\u011frencilere, dini bilgilerin yan\u0131 s\u0131ra ki\u015fisel geli\u015fim ve sosyal fark\u0131ndal\u0131k konular\u0131nda da e\u011fitimler veriliyor. S\u00f6ke \u0130l\u00e7e M\u00fcft\u00fcl\u00fc\u011f\u00fc, kurs s\u00fcresince \u00f6\u011frencileri bilin\u00e7lendirmeye y\u00f6nelik \u00e7e\u015fitli seminer programlar\u0131 d\u00fczenliyor. \u0130l\u00e7e vaizi Elif G\u00fcm\u00fc\u015f G\u00f6lba\u015f\u0131 ve Din Hizmetleri Uzman\u0131 Ali Ocak taraf\u0131ndan verilen seminerlerde; \u2019Mahremiyet Bilinci, Akran Zorbal\u0131\u011f\u0131, \u00c7evre Ahlak\u0131, Teknoloji Ba\u011f\u0131ml\u0131l\u0131\u011f\u0131\u2019&#8230;<\/p>\n","protected":false},"author":1,"featured_media":47816,"comment_status":"open","ping_status":"open","sticky":false,"template":"","format":"standard","meta":{"_crdt_document":"","footnotes":""},"categories":[1],"tags":[],"class_list":["post-47815","post","type-post","status-publish","format-standard","has-post-thumbnail","hentry","category-guncel"],"_links":{"self":[{"href":"https:\/\/www.egemtv.com\/index.php?rest_route=\/wp\/v2\/posts\/47815","targetHints":{"allow":["GET"]}}],"collection":[{"href":"https:\/\/www.egemtv.com\/index.php?rest_route=\/wp\/v2\/posts"}],"about":[{"href":"https:\/\/www.egemtv.com\/index.php?rest_route=\/wp\/v2\/types\/post"}],"author":[{"embeddable":true,"href":"https:\/\/www.egemtv.com\/index.php?rest_route=\/wp\/v2\/users\/1"}],"replies":[{"embeddable":true,"href":"https:\/\/www.egemtv.com\/index.php?rest_route=%2Fwp%2Fv2%2Fcomments&post=47815"}],"version-history":[{"count":1,"href":"https:\/\/www.egemtv.com\/index.php?rest_route=\/wp\/v2\/posts\/47815\/revisions"}],"predecessor-version":[{"id":47817,"href":"https:\/\/www.egemtv.com\/index.php?rest_route=\/wp\/v2\/posts\/47815\/revisions\/47817"}],"wp:featuredmedia":[{"embeddable":true,"href":"https:\/\/www.egemtv.com\/index.php?rest_route=\/wp\/v2\/media\/47816"}],"wp:attachment":[{"href":"https:\/\/www.egemtv.com\/index.php?rest_route=%2Fwp%2Fv2%2Fmedia&parent=47815"}],"wp:term":[{"taxonomy":"category","embeddable":true,"href":"https:\/\/www.egemtv.com\/index.php?rest_route=%2Fwp%2Fv2%2Fcategories&post=47815"},{"taxonomy":"post_tag","embeddable":true,"href":"https:\/\/www.egemtv.com\/index.php?rest_route=%2Fwp%2Fv2%2Ftags&post=47815"}],"curies":[{"name":"wp","href":"https:\/\/api.w.org\/{rel}","templated":true}]}}