{"id":47809,"date":"2025-08-10T10:34:46","date_gmt":"2025-08-10T07:34:46","guid":{"rendered":"https:\/\/www.egemtv.com\/?p=47809"},"modified":"2025-08-10T10:34:47","modified_gmt":"2025-08-10T07:34:47","slug":"sokede-gida-isletmelerine-denetim","status":"publish","type":"post","link":"https:\/\/www.egemtv.com\/?p=47809","title":{"rendered":"S\u00f6ke\u2019de g\u0131da i\u015fletmelerine denetim"},"content":{"rendered":"<p>Ayd\u0131n\u2019\u0131n S\u00f6ke il\u00e7esinde g\u0131da g\u00fcvenli\u011finin sa\u011flanmas\u0131 amac\u0131yla denetimler devam ediyor. S\u00f6ke \u0130l\u00e7e Tar\u0131m ve Orman M\u00fcd\u00fcrl\u00fc\u011f\u00fc ekipleri, risk esasl\u0131 kontrol \u00e7al\u0131\u015fmalar\u0131 kapsam\u0131nda G\u00fcll\u00fcbah\u00e7e Mahallesi\u2019ndeki g\u0131da i\u015fletmelerini denetledi.<\/p>\n<p>S\u00f6ke \u0130l\u00e7e Tar\u0131m ve Orman M\u00fcd\u00fcrl\u00fc\u011f\u00fc ekipleri, halk sa\u011fl\u0131\u011f\u0131n\u0131 korumak ve g\u00fcvenilir g\u0131da teminini sa\u011flamak amac\u0131yla denetim \u00e7al\u0131\u015fmalar\u0131n\u0131 aral\u0131ks\u0131z s\u00fcrd\u00fcr\u00fcyor. Risk esasl\u0131 kontrol plan\u0131 \u00e7er\u00e7evesinde yap\u0131lan denetimlerde, g\u0131da i\u015fletmelerinin hijyen kurallar\u0131na uyumu ve mevzuata uygunlu\u011fu titizlikle incelendi. S\u00f6ke \u0130l\u00e7e Tar\u0131m ve Orman M\u00fcd\u00fcrl\u00fc\u011f\u00fc\u2019nden yap\u0131lan a\u00e7\u0131klamada, &#8220;5996 say\u0131l\u0131 Kanun kapsam\u0131nda risk sistemine dayal\u0131 olarak G\u00fcll\u00fcbah\u00e7e Mahallesi\u2019ndeki g\u0131da i\u015fletmelerimiz denetlendi&#8221; ifadelerine yer verildi. Denetimlerde i\u015fletmelerin hijyen \u015fartlar\u0131, g\u0131da g\u00fcvenli\u011fi standartlar\u0131 ve mevzuata uygunluk durumlar\u0131 kontrol edildi.<br \/><\/p>\n","protected":false},"excerpt":{"rendered":"<p>Ayd\u0131n\u2019\u0131n S\u00f6ke il\u00e7esinde g\u0131da g\u00fcvenli\u011finin sa\u011flanmas\u0131 amac\u0131yla denetimler devam ediyor. S\u00f6ke \u0130l\u00e7e Tar\u0131m ve Orman M\u00fcd\u00fcrl\u00fc\u011f\u00fc ekipleri, risk esasl\u0131 kontrol \u00e7al\u0131\u015fmalar\u0131 kapsam\u0131nda G\u00fcll\u00fcbah\u00e7e Mahallesi\u2019ndeki g\u0131da i\u015fletmelerini denetledi. S\u00f6ke \u0130l\u00e7e Tar\u0131m ve Orman M\u00fcd\u00fcrl\u00fc\u011f\u00fc ekipleri, halk sa\u011fl\u0131\u011f\u0131n\u0131 korumak ve g\u00fcvenilir g\u0131da teminini sa\u011flamak amac\u0131yla denetim \u00e7al\u0131\u015fmalar\u0131n\u0131 aral\u0131ks\u0131z s\u00fcrd\u00fcr\u00fcyor. Risk esasl\u0131 kontrol plan\u0131 \u00e7er\u00e7evesinde yap\u0131lan denetimlerde, g\u0131da&#8230;<\/p>\n","protected":false},"author":1,"featured_media":47810,"comment_status":"open","ping_status":"open","sticky":false,"template":"","format":"standard","meta":{"_crdt_document":"","footnotes":""},"categories":[1],"tags":[],"class_list":["post-47809","post","type-post","status-publish","format-standard","has-post-thumbnail","hentry","category-guncel"],"_links":{"self":[{"href":"https:\/\/www.egemtv.com\/index.php?rest_route=\/wp\/v2\/posts\/47809","targetHints":{"allow":["GET"]}}],"collection":[{"href":"https:\/\/www.egemtv.com\/index.php?rest_route=\/wp\/v2\/posts"}],"about":[{"href":"https:\/\/www.egemtv.com\/index.php?rest_route=\/wp\/v2\/types\/post"}],"author":[{"embeddable":true,"href":"https:\/\/www.egemtv.com\/index.php?rest_route=\/wp\/v2\/users\/1"}],"replies":[{"embeddable":true,"href":"https:\/\/www.egemtv.com\/index.php?rest_route=%2Fwp%2Fv2%2Fcomments&post=47809"}],"version-history":[{"count":1,"href":"https:\/\/www.egemtv.com\/index.php?rest_route=\/wp\/v2\/posts\/47809\/revisions"}],"predecessor-version":[{"id":47811,"href":"https:\/\/www.egemtv.com\/index.php?rest_route=\/wp\/v2\/posts\/47809\/revisions\/47811"}],"wp:featuredmedia":[{"embeddable":true,"href":"https:\/\/www.egemtv.com\/index.php?rest_route=\/wp\/v2\/media\/47810"}],"wp:attachment":[{"href":"https:\/\/www.egemtv.com\/index.php?rest_route=%2Fwp%2Fv2%2Fmedia&parent=47809"}],"wp:term":[{"taxonomy":"category","embeddable":true,"href":"https:\/\/www.egemtv.com\/index.php?rest_route=%2Fwp%2Fv2%2Fcategories&post=47809"},{"taxonomy":"post_tag","embeddable":true,"href":"https:\/\/www.egemtv.com\/index.php?rest_route=%2Fwp%2Fv2%2Ftags&post=47809"}],"curies":[{"name":"wp","href":"https:\/\/api.w.org\/{rel}","templated":true}]}}