{"id":47800,"date":"2025-08-10T09:14:36","date_gmt":"2025-08-10T06:14:36","guid":{"rendered":"https:\/\/www.egemtv.com\/?p=47800"},"modified":"2025-08-10T09:14:37","modified_gmt":"2025-08-10T06:14:37","slug":"tubaya-ikinci-kez-uydu-takip-cihazi-takildi","status":"publish","type":"post","link":"https:\/\/www.egemtv.com\/?p=47800","title":{"rendered":"\u2018Tuba\u2019ya ikinci kez uydu takip cihaz\u0131 tak\u0131ld\u0131"},"content":{"rendered":"<p>2009 y\u0131l\u0131nda kurulan T\u00fcrkiye\u2019nin tek Deniz Kaplumba\u011falar\u0131 Ara\u015ft\u0131rma, Kurtarma ve Rehabilitasyon Merkezi, denizlerde yaralanan Caretta Caretta ve di\u011fer kaplumba\u011falar\u0131n tedavisini yaparak tekrar do\u011fal ya\u015fam alanlar\u0131 olan denizlere b\u0131rak\u0131yor.<br \/>\n<br \/>Caretta Caretta deniz kaplumba\u011falar\u0131n T\u00fcrkiye\u2019deki en \u00f6nemli \u00fcreme noktalar\u0131ndan birisi olan Ortaca \u0130ztuzu sahilinde yeni do\u011fan yavrular do\u011fal ya\u015fam alanlar\u0131 olan deniz ile bulu\u015fturulurken, 2019 y\u0131l\u0131nda uydu takip cihaz\u0131 tak\u0131larak uydudan takip edilen ve \u2018Tuba\u2019 ismi verilen Caretta Caretta deniz kaplumba\u011fas\u0131 28 A\u011fustos 2019 tarihinde uydu takip cihaz\u0131 tak\u0131larak denize b\u0131rak\u0131larak uydudan t\u00fcm hareketleri takibe al\u0131nm\u0131\u015ft\u0131.<br \/>\n<br \/>Uzun s\u00fcre takibi yap\u0131lan Tuba\u2019dan 2024 y\u0131l\u0131nda sinyal kesilince tekrar denize ula\u015ft\u0131\u011f\u0131 noktaya d\u00f6nmesi beklendi. \u0130ztuzu sahiline tekrar d\u00f6nen Tuba isimli deniz kaplumba\u011fas\u0131na tekrar uydu takip cihaz\u0131 tak\u0131larak t\u00fcm hareketleri izlenecek.<br \/>\n<br \/>\u0130ztuzu sahilinde d\u00fczenlenen tedavileri tamamlanan deniz kaplumba\u011falar\u0131n\u0131n denize b\u0131rak\u0131lmas\u0131 ve yuvalar\u0131ndan \u00e7\u0131kan yavru kaplumba\u011falar\u0131n deniz ile bulu\u015fturulmas\u0131 program\u0131na Mu\u011fla Valisi Dr. \u0130dris Akb\u0131y\u0131k da kat\u0131ld\u0131. Ortaca \u0130ztuzu Plaj\u0131\u2019nda tedavi s\u00fcre\u00e7leri tamamlanan 7 Caretta Caretta deniz kaplumba\u011fas\u0131 ve 20 yavru d\u00fczenlenen t\u00f6ren ile denize b\u0131rak\u0131ld\u0131.<br \/>\n<br \/>Tedavileri tamamlanan ve denize b\u0131rak\u0131lan Caretta Careta deniz kaplumba\u011falar\u0131 aras\u0131nda ikinci kez uydu takip cihaz\u0131 tak\u0131lan \u2018Tuba\u2019 \u00f6nceki yolculu\u011funda Yunanistan, Malta, Tunus, \u0130talya, Arnavutluk ve Karada\u011f k\u0131y\u0131lar\u0131n\u0131 gezmi\u015fti.<br \/><\/p>\n","protected":false},"excerpt":{"rendered":"<p>2009 y\u0131l\u0131nda kurulan T\u00fcrkiye\u2019nin tek Deniz Kaplumba\u011falar\u0131 Ara\u015ft\u0131rma, Kurtarma ve Rehabilitasyon Merkezi, denizlerde yaralanan Caretta Caretta ve di\u011fer kaplumba\u011falar\u0131n tedavisini yaparak tekrar do\u011fal ya\u015fam alanlar\u0131 olan denizlere b\u0131rak\u0131yor. Caretta Caretta deniz kaplumba\u011falar\u0131n T\u00fcrkiye\u2019deki en \u00f6nemli \u00fcreme noktalar\u0131ndan birisi olan Ortaca \u0130ztuzu sahilinde yeni do\u011fan yavrular do\u011fal ya\u015fam alanlar\u0131 olan deniz ile bulu\u015fturulurken, 2019 y\u0131l\u0131nda uydu&#8230;<\/p>\n","protected":false},"author":1,"featured_media":47801,"comment_status":"open","ping_status":"open","sticky":false,"template":"","format":"standard","meta":{"_crdt_document":"","footnotes":""},"categories":[1],"tags":[],"class_list":["post-47800","post","type-post","status-publish","format-standard","has-post-thumbnail","hentry","category-guncel"],"_links":{"self":[{"href":"https:\/\/www.egemtv.com\/index.php?rest_route=\/wp\/v2\/posts\/47800","targetHints":{"allow":["GET"]}}],"collection":[{"href":"https:\/\/www.egemtv.com\/index.php?rest_route=\/wp\/v2\/posts"}],"about":[{"href":"https:\/\/www.egemtv.com\/index.php?rest_route=\/wp\/v2\/types\/post"}],"author":[{"embeddable":true,"href":"https:\/\/www.egemtv.com\/index.php?rest_route=\/wp\/v2\/users\/1"}],"replies":[{"embeddable":true,"href":"https:\/\/www.egemtv.com\/index.php?rest_route=%2Fwp%2Fv2%2Fcomments&post=47800"}],"version-history":[{"count":1,"href":"https:\/\/www.egemtv.com\/index.php?rest_route=\/wp\/v2\/posts\/47800\/revisions"}],"predecessor-version":[{"id":47802,"href":"https:\/\/www.egemtv.com\/index.php?rest_route=\/wp\/v2\/posts\/47800\/revisions\/47802"}],"wp:featuredmedia":[{"embeddable":true,"href":"https:\/\/www.egemtv.com\/index.php?rest_route=\/wp\/v2\/media\/47801"}],"wp:attachment":[{"href":"https:\/\/www.egemtv.com\/index.php?rest_route=%2Fwp%2Fv2%2Fmedia&parent=47800"}],"wp:term":[{"taxonomy":"category","embeddable":true,"href":"https:\/\/www.egemtv.com\/index.php?rest_route=%2Fwp%2Fv2%2Fcategories&post=47800"},{"taxonomy":"post_tag","embeddable":true,"href":"https:\/\/www.egemtv.com\/index.php?rest_route=%2Fwp%2Fv2%2Ftags&post=47800"}],"curies":[{"name":"wp","href":"https:\/\/api.w.org\/{rel}","templated":true}]}}