{"id":47797,"date":"2025-08-09T21:36:18","date_gmt":"2025-08-09T18:36:18","guid":{"rendered":"https:\/\/www.egemtv.com\/?p=47797"},"modified":"2025-08-09T21:36:19","modified_gmt":"2025-08-09T18:36:19","slug":"fethiyede-kayalik-alana-sert-inen-parasutcu-ve-yolcusu-kurtarildi","status":"publish","type":"post","link":"https:\/\/www.egemtv.com\/?p=47797","title":{"rendered":"Fethiye\u2019de kayal\u0131k alana sert inen para\u015f\u00fct\u00e7\u00fc ve yolcusu kurtar\u0131ld\u0131"},"content":{"rendered":"<p>Mu\u011fla\u2019n\u0131n Fethiye il\u00e7esinde yedek para\u015f\u00fctle kayal\u0131k alana sert bir \u015fekilde ini\u015f yapan yama\u00e7 para\u015f\u00fct\u00fc pilotu ve yolcusu yakla\u015f\u0131k 3 saate kurtar\u0131ld\u0131.<\/p>\n<p>Yama\u00e7 para\u015f\u00fct\u00fc pilotu Elif A, Almanya uyruklu yolcusu ile \u00d6l\u00fcdeniz Mahallesi\u2019ndeki Babada\u011f\u2019\u0131n 1900 metredeki pistine yama\u00e7 para\u015f\u00fct\u00fc u\u00e7u\u015fu yapmak i\u00e7in \u00e7\u0131kt\u0131. Haz\u0131rl\u0131klar\u0131n\u0131 yapan ikili kalk\u0131\u015f\u0131n ard\u0131ndan bir s\u00fcre g\u00f6ky\u00fcz\u00fcnde s\u00fcz\u00fcld\u00fc. \u0130kilini daha sonra yedek para\u015f\u00fctle kayal\u0131k alana sert ini\u015f yapt\u0131\u011f\u0131n\u0131 fark edenler, durumu 112 Acil \u00c7a\u011fr\u0131 Merkezi\u2019ne bildirdi. \u0130hbar \u00fczerine b\u00f6lgeye, Jandarma Arama Kurtarma (JAK) timi ile Ulusal Medikal Kurtarma Ekipleri (UMKE) sevk edildi. B\u00f6lgeye ula\u015fan ekipler serp ve kayal\u0131k alana inebilmek i\u00e7in iple kurtarma istasyonu kurdu. Yaral\u0131lar\u0131n bulundu\u011fu yere ula\u015fan ekipler, ikiliyi yakla\u015f\u0131k 3 saatlik operasyonla g\u00fcvenli b\u00f6lgeye tahliye etti. 112 Acil Sa\u011fl\u0131 ekiplerince il\u00e7edeki hastanelere kald\u0131r\u0131lan yaral\u0131lar\u0131n hayati tehlikesinin bulunmad\u0131\u011f\u0131 belirtildi.<br \/><\/p>\n","protected":false},"excerpt":{"rendered":"<p>Mu\u011fla\u2019n\u0131n Fethiye il\u00e7esinde yedek para\u015f\u00fctle kayal\u0131k alana sert bir \u015fekilde ini\u015f yapan yama\u00e7 para\u015f\u00fct\u00fc pilotu ve yolcusu yakla\u015f\u0131k 3 saate kurtar\u0131ld\u0131. Yama\u00e7 para\u015f\u00fct\u00fc pilotu Elif A, Almanya uyruklu yolcusu ile \u00d6l\u00fcdeniz Mahallesi\u2019ndeki Babada\u011f\u2019\u0131n 1900 metredeki pistine yama\u00e7 para\u015f\u00fct\u00fc u\u00e7u\u015fu yapmak i\u00e7in \u00e7\u0131kt\u0131. Haz\u0131rl\u0131klar\u0131n\u0131 yapan ikili kalk\u0131\u015f\u0131n ard\u0131ndan bir s\u00fcre g\u00f6ky\u00fcz\u00fcnde s\u00fcz\u00fcld\u00fc. \u0130kilini daha sonra yedek&#8230;<\/p>\n","protected":false},"author":1,"featured_media":47798,"comment_status":"open","ping_status":"open","sticky":false,"template":"","format":"standard","meta":{"_crdt_document":"","footnotes":""},"categories":[5],"tags":[],"class_list":["post-47797","post","type-post","status-publish","format-standard","has-post-thumbnail","hentry","category-asayis"],"_links":{"self":[{"href":"https:\/\/www.egemtv.com\/index.php?rest_route=\/wp\/v2\/posts\/47797","targetHints":{"allow":["GET"]}}],"collection":[{"href":"https:\/\/www.egemtv.com\/index.php?rest_route=\/wp\/v2\/posts"}],"about":[{"href":"https:\/\/www.egemtv.com\/index.php?rest_route=\/wp\/v2\/types\/post"}],"author":[{"embeddable":true,"href":"https:\/\/www.egemtv.com\/index.php?rest_route=\/wp\/v2\/users\/1"}],"replies":[{"embeddable":true,"href":"https:\/\/www.egemtv.com\/index.php?rest_route=%2Fwp%2Fv2%2Fcomments&post=47797"}],"version-history":[{"count":1,"href":"https:\/\/www.egemtv.com\/index.php?rest_route=\/wp\/v2\/posts\/47797\/revisions"}],"predecessor-version":[{"id":47799,"href":"https:\/\/www.egemtv.com\/index.php?rest_route=\/wp\/v2\/posts\/47797\/revisions\/47799"}],"wp:featuredmedia":[{"embeddable":true,"href":"https:\/\/www.egemtv.com\/index.php?rest_route=\/wp\/v2\/media\/47798"}],"wp:attachment":[{"href":"https:\/\/www.egemtv.com\/index.php?rest_route=%2Fwp%2Fv2%2Fmedia&parent=47797"}],"wp:term":[{"taxonomy":"category","embeddable":true,"href":"https:\/\/www.egemtv.com\/index.php?rest_route=%2Fwp%2Fv2%2Fcategories&post=47797"},{"taxonomy":"post_tag","embeddable":true,"href":"https:\/\/www.egemtv.com\/index.php?rest_route=%2Fwp%2Fv2%2Ftags&post=47797"}],"curies":[{"name":"wp","href":"https:\/\/api.w.org\/{rel}","templated":true}]}}