{"id":47794,"date":"2025-08-09T20:14:59","date_gmt":"2025-08-09T17:14:59","guid":{"rendered":"https:\/\/www.egemtv.com\/?p=47794"},"modified":"2025-08-09T20:14:59","modified_gmt":"2025-08-09T17:14:59","slug":"hisarciktaki-kazada-yaralanan-motosiklet-surucusu-95-gunluk-yasam-savasini-kaybetti","status":"publish","type":"post","link":"https:\/\/www.egemtv.com\/?p=47794","title":{"rendered":"Hisarc\u0131k\u2019taki kazada yaralanan motosiklet s\u00fcr\u00fcc\u00fcs\u00fc 95 g\u00fcnl\u00fck ya\u015fam sava\u015f\u0131n\u0131 kaybetti"},"content":{"rendered":"<p>K\u00fctahya\u2019n\u0131n Hisarc\u0131k il\u00e7esinde kontrolden \u00e7\u0131kan motosikletin ta\u015f duvara \u00e7arpmas\u0131 sonucu a\u011f\u0131r yaralanan 20 ya\u015f\u0131ndaki s\u00fcr\u00fcc\u00fc Mehmet Kaya, 95 g\u00fcnl\u00fck ya\u015fam m\u00fccadelesini kaybetti.<br \/>\n<br \/>Bor i\u015fletmesinde i\u015f\u00e7i olarak \u00e7al\u0131\u015fan Mehmet Kaya (20) 4 May\u0131s 2025 tarihinde motosikletiyle seyir halinde iken Hisarc\u0131k il\u00e7esi Kar\u015f\u0131yaka Mahallesi\u2019ndeki Belediye Park\u0131 yan\u0131nda direksiyon hakimiyetini kaybederek ta\u015f duvara \u00e7arpm\u0131\u015ft\u0131. \u00c7arpman\u0131n etkisiyle a\u011f\u0131r yaralanan Kaya, sa\u011fl\u0131k ekiplerince K\u00fctahya \u015eehir Hastanesi\u2019ne kald\u0131r\u0131ld\u0131. Yo\u011fun bak\u0131mda 95 g\u00fcnd\u00fcr tedavi g\u00f6ren Kaya, hayat\u0131n\u0131 kaybetti. Kaya\u2019n\u0131n cenazesi yar\u0131n memleketi Emet il\u00e7esinde topra\u011fa verilecek.<br \/><\/p>\n","protected":false},"excerpt":{"rendered":"<p>K\u00fctahya\u2019n\u0131n Hisarc\u0131k il\u00e7esinde kontrolden \u00e7\u0131kan motosikletin ta\u015f duvara \u00e7arpmas\u0131 sonucu a\u011f\u0131r yaralanan 20 ya\u015f\u0131ndaki s\u00fcr\u00fcc\u00fc Mehmet Kaya, 95 g\u00fcnl\u00fck ya\u015fam m\u00fccadelesini kaybetti. Bor i\u015fletmesinde i\u015f\u00e7i olarak \u00e7al\u0131\u015fan Mehmet Kaya (20) 4 May\u0131s 2025 tarihinde motosikletiyle seyir halinde iken Hisarc\u0131k il\u00e7esi Kar\u015f\u0131yaka Mahallesi\u2019ndeki Belediye Park\u0131 yan\u0131nda direksiyon hakimiyetini kaybederek ta\u015f duvara \u00e7arpm\u0131\u015ft\u0131. \u00c7arpman\u0131n etkisiyle a\u011f\u0131r yaralanan&#8230;<\/p>\n","protected":false},"author":1,"featured_media":47795,"comment_status":"open","ping_status":"open","sticky":false,"template":"","format":"standard","meta":{"_crdt_document":"","footnotes":""},"categories":[5],"tags":[],"class_list":["post-47794","post","type-post","status-publish","format-standard","has-post-thumbnail","hentry","category-asayis"],"_links":{"self":[{"href":"https:\/\/www.egemtv.com\/index.php?rest_route=\/wp\/v2\/posts\/47794","targetHints":{"allow":["GET"]}}],"collection":[{"href":"https:\/\/www.egemtv.com\/index.php?rest_route=\/wp\/v2\/posts"}],"about":[{"href":"https:\/\/www.egemtv.com\/index.php?rest_route=\/wp\/v2\/types\/post"}],"author":[{"embeddable":true,"href":"https:\/\/www.egemtv.com\/index.php?rest_route=\/wp\/v2\/users\/1"}],"replies":[{"embeddable":true,"href":"https:\/\/www.egemtv.com\/index.php?rest_route=%2Fwp%2Fv2%2Fcomments&post=47794"}],"version-history":[{"count":1,"href":"https:\/\/www.egemtv.com\/index.php?rest_route=\/wp\/v2\/posts\/47794\/revisions"}],"predecessor-version":[{"id":47796,"href":"https:\/\/www.egemtv.com\/index.php?rest_route=\/wp\/v2\/posts\/47794\/revisions\/47796"}],"wp:featuredmedia":[{"embeddable":true,"href":"https:\/\/www.egemtv.com\/index.php?rest_route=\/wp\/v2\/media\/47795"}],"wp:attachment":[{"href":"https:\/\/www.egemtv.com\/index.php?rest_route=%2Fwp%2Fv2%2Fmedia&parent=47794"}],"wp:term":[{"taxonomy":"category","embeddable":true,"href":"https:\/\/www.egemtv.com\/index.php?rest_route=%2Fwp%2Fv2%2Fcategories&post=47794"},{"taxonomy":"post_tag","embeddable":true,"href":"https:\/\/www.egemtv.com\/index.php?rest_route=%2Fwp%2Fv2%2Ftags&post=47794"}],"curies":[{"name":"wp","href":"https:\/\/api.w.org\/{rel}","templated":true}]}}