{"id":47791,"date":"2025-08-09T18:34:38","date_gmt":"2025-08-09T15:34:38","guid":{"rendered":"https:\/\/www.egemtv.com\/?p=47791"},"modified":"2025-08-09T18:34:38","modified_gmt":"2025-08-09T15:34:38","slug":"aliagada-fabrikada-korkutan-yangin","status":"publish","type":"post","link":"https:\/\/www.egemtv.com\/?p=47791","title":{"rendered":"Alia\u011fa\u2019da fabrikada korkutan yang\u0131n"},"content":{"rendered":"<p>\u0130zmir\u2019in Alia\u011fa il\u00e7esinde bulunan bir end\u00fcstriyel galvaniz fabrikas\u0131nda \u00e7\u0131kan yang\u0131n pani\u011fe neden oldu. Yang\u0131n, itfaiye ekiplerinin m\u00fcdahalesiyle g\u00fc\u00e7l\u00fckle kontrol alt\u0131na al\u0131nd\u0131.<br \/>\n<br \/>Olay, ak\u015fam saatlerinde \u00c7oraklar Mahallesi\u2019ndeki Organize Sanayi B\u00f6lgesi\u2019nde bulunan bir end\u00fcstriyel galvaniz fabrikas\u0131n\u0131n ek binas\u0131nda meydana geldi. Hen\u00fcz belirlenemeyen nedenle binan\u0131n d\u0131\u015f cephesinde ba\u015flayan yang\u0131n k\u0131sa s\u00fcrede b\u00fcy\u00fcd\u00fc. \u0130hbar \u00fczerine b\u00f6lgeye Organize Sanayi B\u00f6lgesi \u0130tfaiyesi ile \u0130zmir B\u00fcy\u00fck\u015fehir Belediyesi itfaiye ekipleri sevk edildi.<br \/>\n<br \/>Ekiplerin m\u00fcdahalesiyle yang\u0131n kontrol alt\u0131na al\u0131n\u0131rken, fabrikada so\u011futma \u00e7al\u0131\u015fmalar\u0131 devam ediyor. Yang\u0131nla ilgili soru\u015fturma ba\u015flat\u0131ld\u0131.<br \/><\/p>\n","protected":false},"excerpt":{"rendered":"<p>\u0130zmir\u2019in Alia\u011fa il\u00e7esinde bulunan bir end\u00fcstriyel galvaniz fabrikas\u0131nda \u00e7\u0131kan yang\u0131n pani\u011fe neden oldu. Yang\u0131n, itfaiye ekiplerinin m\u00fcdahalesiyle g\u00fc\u00e7l\u00fckle kontrol alt\u0131na al\u0131nd\u0131. Olay, ak\u015fam saatlerinde \u00c7oraklar Mahallesi\u2019ndeki Organize Sanayi B\u00f6lgesi\u2019nde bulunan bir end\u00fcstriyel galvaniz fabrikas\u0131n\u0131n ek binas\u0131nda meydana geldi. Hen\u00fcz belirlenemeyen nedenle binan\u0131n d\u0131\u015f cephesinde ba\u015flayan yang\u0131n k\u0131sa s\u00fcrede b\u00fcy\u00fcd\u00fc. \u0130hbar \u00fczerine b\u00f6lgeye Organize Sanayi B\u00f6lgesi&#8230;<\/p>\n","protected":false},"author":1,"featured_media":47792,"comment_status":"open","ping_status":"open","sticky":false,"template":"","format":"standard","meta":{"_crdt_document":"","footnotes":""},"categories":[5],"tags":[],"class_list":["post-47791","post","type-post","status-publish","format-standard","has-post-thumbnail","hentry","category-asayis"],"_links":{"self":[{"href":"https:\/\/www.egemtv.com\/index.php?rest_route=\/wp\/v2\/posts\/47791","targetHints":{"allow":["GET"]}}],"collection":[{"href":"https:\/\/www.egemtv.com\/index.php?rest_route=\/wp\/v2\/posts"}],"about":[{"href":"https:\/\/www.egemtv.com\/index.php?rest_route=\/wp\/v2\/types\/post"}],"author":[{"embeddable":true,"href":"https:\/\/www.egemtv.com\/index.php?rest_route=\/wp\/v2\/users\/1"}],"replies":[{"embeddable":true,"href":"https:\/\/www.egemtv.com\/index.php?rest_route=%2Fwp%2Fv2%2Fcomments&post=47791"}],"version-history":[{"count":1,"href":"https:\/\/www.egemtv.com\/index.php?rest_route=\/wp\/v2\/posts\/47791\/revisions"}],"predecessor-version":[{"id":47793,"href":"https:\/\/www.egemtv.com\/index.php?rest_route=\/wp\/v2\/posts\/47791\/revisions\/47793"}],"wp:featuredmedia":[{"embeddable":true,"href":"https:\/\/www.egemtv.com\/index.php?rest_route=\/wp\/v2\/media\/47792"}],"wp:attachment":[{"href":"https:\/\/www.egemtv.com\/index.php?rest_route=%2Fwp%2Fv2%2Fmedia&parent=47791"}],"wp:term":[{"taxonomy":"category","embeddable":true,"href":"https:\/\/www.egemtv.com\/index.php?rest_route=%2Fwp%2Fv2%2Fcategories&post=47791"},{"taxonomy":"post_tag","embeddable":true,"href":"https:\/\/www.egemtv.com\/index.php?rest_route=%2Fwp%2Fv2%2Ftags&post=47791"}],"curies":[{"name":"wp","href":"https:\/\/api.w.org\/{rel}","templated":true}]}}