{"id":47788,"date":"2025-08-09T17:56:15","date_gmt":"2025-08-09T14:56:15","guid":{"rendered":"https:\/\/www.egemtv.com\/?p=47788"},"modified":"2025-08-09T17:56:15","modified_gmt":"2025-08-09T14:56:15","slug":"seyir-halindeki-yolcu-otobusu-yandi-yolcular-tahliye-edildi","status":"publish","type":"post","link":"https:\/\/www.egemtv.com\/?p=47788","title":{"rendered":"Seyir halindeki yolcu otob\u00fcs\u00fc yand\u0131; yolcular tahliye edildi"},"content":{"rendered":"<p>Manisa\u2019n\u0131n Kula il\u00e7esinde D300 karayolu \u00fczerinde seyir halinde olan yolcu otob\u00fcs\u00fc, motor k\u0131sm\u0131nda \u00e7\u0131kan ar\u0131za sonucu yand\u0131. Otob\u00fcste bulunan yolcular yang\u0131n\u0131 yara almadan atlatt\u0131.<br \/>\n<br \/>Yang\u0131n, saat 16.00 s\u0131ralar\u0131nda \u0130zmir &#8211; Ankara D300 Karayolu Jandarma Kav\u015fa\u011f\u0131 yak\u0131nlar\u0131nda meydana geldi. Edinilen bilgiye g\u00f6re, \u0130.P. idaresindeki 42 HJ 777 plakal\u0131, \u0130zmir\u2019den Konya istikametine sefer yapan yolcu otob\u00fcs\u00fcnden seyir halindeyken dumanlar y\u00fckselmeye ba\u015flad\u0131. Durumu fark eden otob\u00fcs \u015fof\u00f6r\u00fc, arac\u0131 yol kenar\u0131na \u00e7ekerek yolcular\u0131 tahliye etti. Motor b\u00f6l\u00fcm\u00fcnde ba\u015flayan yang\u0131na ilk m\u00fcdahaleyi \u00e7evredeki vatanda\u015flar yang\u0131n t\u00fcpleriyle yapt\u0131. \u0130hbar \u00fczerine olay yerine sevk edilen itfaiye ekipleri, yang\u0131n\u0131 k\u0131sa s\u00fcrede kontrol alt\u0131na alarak s\u00f6nd\u00fcrd\u00fc.<br \/>\n<br \/>\u00d6te yandan, yang\u0131n nedeniyle \u0130zmir &#8211; U\u015fak istikametinde bir s\u00fcre tek \u015feritten sa\u011flanan trafik ak\u0131\u015f otob\u00fcs\u00fcn yoldan kald\u0131r\u0131lmas\u0131n\u0131n ard\u0131ndan normale d\u00f6nd\u00fc.<br \/><\/p>\n","protected":false},"excerpt":{"rendered":"<p>Manisa\u2019n\u0131n Kula il\u00e7esinde D300 karayolu \u00fczerinde seyir halinde olan yolcu otob\u00fcs\u00fc, motor k\u0131sm\u0131nda \u00e7\u0131kan ar\u0131za sonucu yand\u0131. Otob\u00fcste bulunan yolcular yang\u0131n\u0131 yara almadan atlatt\u0131. Yang\u0131n, saat 16.00 s\u0131ralar\u0131nda \u0130zmir &#8211; Ankara D300 Karayolu Jandarma Kav\u015fa\u011f\u0131 yak\u0131nlar\u0131nda meydana geldi. Edinilen bilgiye g\u00f6re, \u0130.P. idaresindeki 42 HJ 777 plakal\u0131, \u0130zmir\u2019den Konya istikametine sefer yapan yolcu otob\u00fcs\u00fcnden seyir&#8230;<\/p>\n","protected":false},"author":1,"featured_media":47789,"comment_status":"open","ping_status":"open","sticky":false,"template":"","format":"standard","meta":{"_crdt_document":"","footnotes":""},"categories":[5],"tags":[],"class_list":["post-47788","post","type-post","status-publish","format-standard","has-post-thumbnail","hentry","category-asayis"],"_links":{"self":[{"href":"https:\/\/www.egemtv.com\/index.php?rest_route=\/wp\/v2\/posts\/47788","targetHints":{"allow":["GET"]}}],"collection":[{"href":"https:\/\/www.egemtv.com\/index.php?rest_route=\/wp\/v2\/posts"}],"about":[{"href":"https:\/\/www.egemtv.com\/index.php?rest_route=\/wp\/v2\/types\/post"}],"author":[{"embeddable":true,"href":"https:\/\/www.egemtv.com\/index.php?rest_route=\/wp\/v2\/users\/1"}],"replies":[{"embeddable":true,"href":"https:\/\/www.egemtv.com\/index.php?rest_route=%2Fwp%2Fv2%2Fcomments&post=47788"}],"version-history":[{"count":1,"href":"https:\/\/www.egemtv.com\/index.php?rest_route=\/wp\/v2\/posts\/47788\/revisions"}],"predecessor-version":[{"id":47790,"href":"https:\/\/www.egemtv.com\/index.php?rest_route=\/wp\/v2\/posts\/47788\/revisions\/47790"}],"wp:featuredmedia":[{"embeddable":true,"href":"https:\/\/www.egemtv.com\/index.php?rest_route=\/wp\/v2\/media\/47789"}],"wp:attachment":[{"href":"https:\/\/www.egemtv.com\/index.php?rest_route=%2Fwp%2Fv2%2Fmedia&parent=47788"}],"wp:term":[{"taxonomy":"category","embeddable":true,"href":"https:\/\/www.egemtv.com\/index.php?rest_route=%2Fwp%2Fv2%2Fcategories&post=47788"},{"taxonomy":"post_tag","embeddable":true,"href":"https:\/\/www.egemtv.com\/index.php?rest_route=%2Fwp%2Fv2%2Ftags&post=47788"}],"curies":[{"name":"wp","href":"https:\/\/api.w.org\/{rel}","templated":true}]}}