{"id":47785,"date":"2025-08-09T17:56:14","date_gmt":"2025-08-09T14:56:14","guid":{"rendered":"https:\/\/www.egemtv.com\/?p=47785"},"modified":"2025-08-09T17:56:15","modified_gmt":"2025-08-09T14:56:15","slug":"bakan-yerlikaya-terorsuz-turkiye-icin-yorulmadan-yuruyecegiz","status":"publish","type":"post","link":"https:\/\/www.egemtv.com\/?p=47785","title":{"rendered":"Bakan Yerlikaya: &#8220;Ter\u00f6rs\u00fcz T\u00fcrkiye i\u00e7in yorulmadan y\u00fcr\u00fcyece\u011fiz&#8221;"},"content":{"rendered":"<p>Bir dizi ziyaret kapsam\u0131nda Denizli\u2019ye gelen \u0130\u00e7i\u015fleri Bakan\u0131 Ali Yerlikaya, AK Parti \u0130l Ba\u015fkanl\u0131\u011f\u0131nda yapt\u0131\u011f\u0131 a\u00e7\u0131klamada, su\u00e7 ve su\u00e7lularla m\u00fccadelede kararl\u0131 olduklar\u0131n\u0131 ifade ederek, vatanda\u015flara &#8220;Siz ihbarda bulunun biz gere\u011fini yapal\u0131m&#8221; dedi. Ter\u00f6rs\u00fcz T\u00fcrkiye konusunun vicdani sorumluk ta\u015f\u0131d\u0131\u011f\u0131n\u0131 vurgulayan Bakan Yerlikaya, &#8220;Ter\u00f6rle m\u00fccadele kolay verilmedi. Bug\u00fcn Ter\u00f6rs\u00fcz T\u00fcrkiye\u2019den bahsediyorsak, bu u\u011furda feday\u0131 can eyleyen aziz \u015fehitlerimizin, kahraman gazilerimizin ve ailelerinin fedakarl\u0131klar\u0131n\u0131 asla unutamay\u0131z&#8221; dedi.<br \/>\n<br \/>Denizli\u2019de G\u00fcvenlik ve Asayi\u015f Toplant\u0131s\u0131na kat\u0131lan \u0130\u00e7i\u015fleri Bakan\u0131 Ali Yerlikaya, Denizli Valisi \u00d6mer Faruk Co\u015fkun, \u0130l Emniyet M\u00fcd\u00fcr\u00fc Yavuz Sa\u011fd\u0131\u00e7, \u0130l Jandarma Komutan\u0131 K\u0131demli Albay H\u0131d\u0131r Ay\u00e7i\u00e7ek ve sorumlu birim amirleri kat\u0131ld\u0131. G\u00fcvenlik ve Asayi\u015f Toplant\u0131s\u0131n\u0131n ard\u0131ndan \u0130\u00e7i\u015fleri Bakan\u0131 Ali Yerlikaya Denizli Valili\u011fini ziyarette bulundu. Valilik an\u0131 defterini imzalayan Bakan Yerlikaya, daha sonra Denizli Valisi \u00d6mer Faruk Co\u015fkun\u2019dan bilgiler ald\u0131. Denizli Valili\u011findeki ziyaretin ard\u0131ndan \u0130\u00e7i\u015fleri Bakan\u0131 Ali Yerlikaya, AK Parti Denizli \u0130l Ba\u015fkanl\u0131\u011f\u0131n\u0131 ziyaret ederek burada partililer ile bulu\u015ftu. Denizli\u2019ye bug\u00fcne kadar 117 milyar liray\u0131 a\u015fk\u0131n kamu yat\u0131r\u0131m\u0131 yap\u0131ld\u0131\u011f\u0131n\u0131 ifade eden \u0130\u00e7i\u015fleri Bakan\u0131 Ali Yerlikaya, bu yat\u0131r\u0131mlar\u0131n 1 milyar 471 milyon liras\u0131 son kabine d\u00f6neminde olmak \u00fczere 3,5 milyar liras\u0131 \u0130\u00e7i\u015fleri Bakanl\u0131\u011f\u0131 yat\u0131r\u0131m\u0131 oldu\u011funu ifade etti. Denizli Valili\u011fi, 4 il\u00e7enin H\u00fck\u00fcmet Konaklar\u0131, 13 Emniyet Hizmet Binas\u0131, Kale \u0130l\u00e7e Jandarma Komutanl\u0131\u011f\u0131, AFAD Hizmet Binas\u0131 ve AFAD Lojistik Deposunun tamamland\u0131\u011f\u0131n\u0131 belirten Bakan Yerlikaya, &#8220;Pamukkale H\u00fck\u00fcmet Kona\u011f\u0131, \u00c7ivril ve Buldan \u0130l\u00e7e Emniyet M\u00fcd\u00fcrl\u00fc\u011f\u00fc binalar\u0131 ve Denizli \u0130l Jandarma Komutanl\u0131\u011f\u0131 ek binas\u0131 in\u015faat\u0131 devam etmektedir&#8221; dedi.<\/p>\n<p>&#8220;Ter\u00f6r\u00fcn sona erdi\u011fi, annelerin evlat ac\u0131s\u0131yla s\u0131nanmad\u0131\u011f\u0131 bir T\u00fcrkiye i\u00e7in y\u00fcr\u00fcmeye devam edece\u011fiz&#8221;<br \/>\n<br \/>T\u00fcrkiye\u2019nin g\u00fcc\u00fcnden korkanlar\u0131n 40 y\u0131l\u0131 a\u015fk\u0131n s\u00fcredir ter\u00f6r belas\u0131n\u0131 T\u00fcrkiye\u2019nin \u00fczerine sald\u0131\u011f\u0131n\u0131 vurgulayan \u0130\u00e7i\u015fleri Bakan\u0131 Ali Yerlikaya, kendilerinin ba\u015faramad\u0131klar\u0131n\u0131, karde\u015fi karde\u015fe k\u0131rd\u0131rmaya \u00e7al\u0131\u015farak yapmaya \u00e7al\u0131\u015f\u0131ld\u0131\u011f\u0131n\u0131 ancak ba\u015faramad\u0131klar\u0131n\u0131 ve ba\u015faramayacaklar\u0131n\u0131 vurgulad\u0131. Ter\u00f6rs\u00fcz T\u00fcrkiye konusunda tarihi bir e\u015fi\u011fe gelindi\u011fini ifade eden \u0130\u00e7i\u015fleri Bakan\u0131 Yerlikaya, &#8220;Ter\u00f6r\u00fcn her t\u00fcrl\u00fc y\u00fcz\u00fcne kar\u015f\u0131, millet\u00e7e y\u00fcr\u00fctt\u00fc\u011f\u00fcm\u00fcz m\u00fccadele, bug\u00fcn b\u00fct\u00fcn \u015fer odaklar\u0131n\u0131 hizaya getirmi\u015ftir. Hamdolsun, bug\u00fcn Ter\u00f6rs\u00fcz bir T\u00fcrkiye yolunda tarihi bir e\u015fi\u011fe geldik. Milliyet\u00e7i Hareket Partisi Genel Ba\u015fkan\u0131 Devlet Bah\u00e7eli\u2019nin \u00e7a\u011fr\u0131s\u0131 ve Cumhurba\u015fkan\u0131m\u0131z Recep Tayyip Erdo\u011fan\u2019\u0131n liderli\u011finde Ter\u00f6rs\u00fcz T\u00fcrkiye kararl\u0131 duru\u015fun ad\u0131 olmu\u015ftur. Biliyorsunuz d\u00fcn Gazi Meclis\u2019imizin \u00e7at\u0131s\u0131 alt\u0131nda, Milli Dayan\u0131\u015fma, Karde\u015flik ve Demokrasi Komisyonu\u2019nun ikinci toplant\u0131s\u0131 ger\u00e7ekle\u015fti. Bu komisyon Ter\u00f6rs\u00fcz T\u00fcrkiye hedefimiz yolunda at\u0131lm\u0131\u015f tarih\u00ee bir ad\u0131md\u0131r. Gazi Meclisimizin \u00e7at\u0131s\u0131 alt\u0131nda ba\u015flayan bu \u00e7al\u0131\u015fmalar, sadece bug\u00fcn\u00fcn de\u011fil, yar\u0131nlar\u0131n da umudunu ye\u015fertecek; \u00e7ocuklar\u0131m\u0131z\u0131n huzurla b\u00fcy\u00fcd\u00fc\u011f\u00fc, milletimizin g\u00fcven i\u00e7inde ya\u015fad\u0131\u011f\u0131 bir gelece\u011fin temellerini atacak vicdani bir sorumluluk ta\u015f\u0131maktad\u0131r. Ter\u00f6rle m\u00fccadele kolay verilmedi. Bug\u00fcn Ter\u00f6rs\u00fcz T\u00fcrkiye\u2019den bahsediyorsak, bu u\u011furda feday\u0131 can eyleyen aziz \u015fehitlerimizin, kahraman gazilerimizin ve ailelerinin fedakarl\u0131klar\u0131n\u0131 asla unutamay\u0131z. \u015eehitlerimizi rahmet ve minnetle an\u0131yoruz. Makamlar\u0131 ali olsun. Biz, onlar\u0131n emanetine her daim sahip \u00e7\u0131kt\u0131k, \u00e7\u0131kmaya da devam edece\u011fiz. U\u011fruna can verdikleri bu aziz topraklar\u0131, ter\u00f6rden ar\u0131nd\u0131r\u0131lm\u0131\u015f bir gelecekle bulu\u015fturmakta kararl\u0131y\u0131z. \u0130n\u015fallah art\u0131k ter\u00f6r\u00fcn g\u00f6lgesinin d\u00fc\u015ft\u00fc\u011f\u00fc bir \u00fclke de\u011fil, birli\u011fin k\u00f6kle\u015fti\u011fi, karde\u015fli\u011fin g\u00fc\u00e7lendi\u011fi, refah\u0131n y\u00fckseldi\u011fi b\u00fcy\u00fck ve g\u00fc\u00e7l\u00fc T\u00fcrkiye\u2019yi konu\u015faca\u011f\u0131z. Cumhurba\u015fkan\u0131m\u0131z d\u00fcn ne dedi? &#8220;\u00dclkesi ve milleti i\u00e7in hayal g\u00f6ren, bu \u00fclkenin istikbalini d\u00fc\u015f\u00fcnen herkesten bu hay\u0131rl\u0131 ad\u0131ma samimi destek vermesini rica ediyorum.&#8221; El ele verip, g\u00f6zya\u015flar\u0131n\u0131n dindi\u011fi, ter\u00f6r\u00fcn sona erdi\u011fi, hi\u00e7bir annenin evlat ac\u0131s\u0131yla s\u0131nanmad\u0131\u011f\u0131 bir T\u00fcrkiye i\u00e7in, kararl\u0131l\u0131kla yorulmadan y\u00fcr\u00fcmeye devam edece\u011fiz&#8221; ifadelerini kulland\u0131.<\/p>\n<p>&#8220;26 ayda su\u00e7 ayd\u0131nlatma oran\u0131 y\u00fczde 68\u2019den y\u00fczde 82,3\u2019e y\u00fckseldi&#8221;<br \/>\n<br \/>G\u00fc\u00e7l\u00fc devlet olman\u0131n birinci \u015fart\u0131n\u0131n huzur ve g\u00fcvenlik oldu\u011funu ifade eden Bakan Yerlikaya, vatanda\u015flar\u0131n g\u00fcvenli\u011fine y\u00f6nelik tehditlerle amans\u0131z m\u00fccadele ettiklerini vurgulad\u0131. \u0130\u00e7i\u015fleri Bakan\u0131 Ali Yerlikaya kendi bakanl\u0131\u011f\u0131 d\u00f6nemine dair su\u00e7 oranlar\u0131na ili\u015fkin verileri payla\u015farak, &#8220;Bak\u0131n\u0131z bu kabine d\u00f6neminde; ki\u015filere kar\u015f\u0131 10 \u00f6nemli su\u00e7u y\u00fczde 6,3 azaltt\u0131k. Toplam 99 bin daha az su\u00e7 i\u015flendi. Yani 99 bin su\u00e7u \u00f6nlemi\u015f olduk. Ayd\u0131nlatma oran\u0131m\u0131z da y\u00fczde 98\u2019e y\u00fckseldi. Bunun anlam\u0131 \u015fu; Her 100 olaydan 98\u2019ini ayd\u0131nlat\u0131p g\u00f6t\u00fcr\u00fcp adalete teslim ediyoruz. Mal varl\u0131\u011f\u0131na kar\u015f\u0131 su\u00e7lar\u0131 y\u00fczde 46,3 azaltt\u0131k. Mal varl\u0131\u011f\u0131na kar\u015f\u0131 yap\u0131lan su\u00e7lar\u0131 yar\u0131 yar\u0131ya azaltm\u0131\u015f\u0131z. M\u00fcthi\u015f bir rakam. Ayd\u0131nlatma oran\u0131m\u0131z da y\u00fczde 82,3\u2019e y\u00fckseldi. Bu oran daha \u00f6nce y\u00fczde 68\u2019di&#8221; \u015feklinde konu\u015ftu.<\/p>\n<p>Amerika Birle\u015fik Devletleri (ABD) ve Almanya ile T\u00fcrkiye\u2019deki su\u00e7 ayd\u0131nlatma oranlar\u0131n\u0131 kar\u015f\u0131la\u015ft\u0131ran Bakan Yerlikaya, &#8220;\u015eimdi yurt d\u0131\u015f\u0131ndan ayd\u0131nlatma oranlar\u0131n\u0131 vermek istiyorum. FBI verilerine g\u00f6re 2023 y\u0131l\u0131nda Amerika\u2019da m\u00fclkiyet su\u00e7lar\u0131n\u0131n ancak y\u00fczde 13,9 ayd\u0131nlat\u0131labilmi\u015f. \u00d6rne\u011fin, evden h\u0131rs\u0131zl\u0131k olaylar\u0131n\u0131n y\u00fczde 14,4\u2019\u00fc ayd\u0131nlat\u0131lm\u0131\u015f. Peki, Almanya\u2019da durum nedir? Almanya Federal Kriminal Dairesi\u2019nin verilerine g\u00f6re 2023 y\u0131l\u0131nda Almanya\u2019da evden h\u0131rs\u0131zl\u0131k olaylar\u0131n\u0131n ayd\u0131nlat\u0131lma oran\u0131 y\u00fczde 17,4. \u00dclkemizde evden h\u0131rs\u0131zl\u0131k olay\u0131n\u0131n ayd\u0131nlanma oran\u0131 ise y\u00fczde 64, bu y\u0131l bu oran y\u00fczde 77\u2019ye \u00e7\u0131kt\u0131&#8221; diye konu\u015ftu.<\/p>\n<p>&#8220;Su\u00e7 \u00f6rg\u00fctlerinin 3,6 milyar dolarl\u0131k malvarl\u0131\u011f\u0131na el koyduk&#8221;<br \/>\n<br \/>Su\u00e7 \u00f6rg\u00fctlerine y\u00f6nelik y\u00fcr\u00fct\u00fclen operasyonlar hakk\u0131nda bilgiler veren Bakan Yerlikaya, &#8220;Su\u00e7 \u00f6rg\u00fctlerine y\u00f6nelik ger\u00e7ekle\u015ftirilen operasyonlar\u0131, hedefli, stratejik ve e\u015fzamanl\u0131 bask\u0131nlarla y\u00fcr\u00fct\u00fcyoruz. Kabine d\u00f6nemimizde, bin 250 organize su\u00e7 \u00f6rg\u00fct\u00fcn\u00fc \u00e7\u00f6kerttik. Bu su\u00e7 \u00f6rg\u00fctlerine ait; 3,6 milyar dolar mal varl\u0131\u011f\u0131na el koyduk. K\u0131rm\u0131z\u0131 B\u00fclten ve Dif\u00fczyon ile yurt d\u0131\u015f\u0131nda arad\u0131\u011f\u0131m\u0131z 427 su\u00e7luyu ortak operasyonlarla yakalay\u0131p T\u00fcrkiye\u2019ye iadesini sa\u011flad\u0131k. K\u0131rm\u0131z\u0131 B\u00fcltenle aranan bin 40 yabanc\u0131y\u0131 da \u00fclkemizde yakalay\u0131p \u00fclkelerine iade ettik&#8221; \u015feklinde konu\u015ftu.<\/p>\n<p>&#8220;Kendini hukukun \u00fcst\u00fcnde g\u00f6renleri bildirin, biz gere\u011fini yapal\u0131m&#8221;<br \/>\n<br \/>T\u00fcrkiye ve Denizli\u2019deki uyu\u015fturucu ile m\u00fccadeleye dair verileri de payla\u015fan \u0130\u00e7i\u015fleri Bakan\u0131 Ali Yerlikaya, &#8220;\u015eehir e\u015fk\u0131yalar\u0131n\u0131n, halk\u0131m\u0131z\u0131n huzurunu ka\u00e7\u0131ranlar\u0131n tepelerine binece\u011fiz. Onlara g\u00f6z a\u00e7t\u0131rmayaca\u011f\u0131z. Her an enselerindeyiz. Yakalay\u0131p tek tek adalete teslim edece\u011fiz. Uyu\u015fturucuyla m\u00fccadelede, torbac\u0131dan baronuna kadar t\u00fcm zinciri hedef alan operasyonlarla s\u00fcre\u00e7leri y\u00f6netiyoruz. Yine bu kabine d\u00f6nemimizde; 211 ton uyu\u015fturucu madde, 210 milyon adet uyu\u015fturucu hap yakalad\u0131k. G\u00f6reve geldi\u011fimiz g\u00fcnden, bu g\u00fcne kadar uyu\u015fturucudan 78 bin 461 ki\u015fi tutukland\u0131. 37 bin 874 ki\u015fiye ise adli kontrol h\u00fck\u00fcmleri uyguland\u0131. Peki ya Denizli? Bu kabine d\u00f6neminde Denizli\u2019de 263 kilogram uyu\u015fturucu madde, 83 bin 500 adet uyu\u015fturucu hap yakalad\u0131k. Uyu\u015fturucudan 997 ki\u015fi tutukland\u0131, 418 ki\u015fiye de ki\u015fiye ise adli kontrol h\u00fck\u00fcmleri uyguland\u0131. Denizli\u2019de 7 organize su\u00e7 \u00f6rg\u00fct\u00fcn\u00fc \u00e7\u00f6kerttik. Su\u00e7ta kibirlenen, kendini hukukun \u00fcst\u00fcnde g\u00f6renleri 112 Acil \u00c7a\u011fr\u0131 Merkezine bildirin. Biz gere\u011fini yapal\u0131m. Ayr\u0131ca, Denizli\u2019de ki\u015filere kar\u015f\u0131 i\u015flenen su\u00e7larda y\u00fczde 6,7 azalma sa\u011flad\u0131k, ayd\u0131nlatma oran\u0131m\u0131z da y\u00fczde 98,8 oldu&#8221; diye konu\u015ftu.<\/p>\n<p>&#8220;Kabine d\u00f6nemimizde 9 bin 836 g\u00f6\u00e7men ka\u00e7akl\u0131\u011f\u0131 organizat\u00f6r\u00fcn\u00fc tutukland\u0131&#8221;<br \/>\n<br \/>T\u00fcrkiye\u2019nin g\u00f6\u00e7 y\u00f6netiminde hukuk, insan haklar\u0131 ve milli menfaatler temelinde medeniyet de\u011ferlerinden g\u00fc\u00e7 alarak d\u00fcnyaya \u00f6rnek oldu\u011funu ifade eden Bakan Yerlikaya, &#8220;T\u00fcrkiye art\u0131k d\u00fczensiz g\u00f6\u00e7\u00fcn hedefi olmaktan, transit g\u00f6\u00e7 rotas\u0131 haline gelmekten ve d\u00fczensiz g\u00f6\u00e7te \u00e7ekim merkezi olmaktan \u00e7\u0131km\u0131\u015ft\u0131r. D\u00fczensiz g\u00f6\u00e7le; do\u011fdu\u011fu topraklar\u0131 terk etmek zorunda kalan insanlar\u0131 istismar eden, onlar\u0131n hayatlar\u0131n\u0131 hi\u00e7e sayan s\u0131n\u0131r\u0131 a\u015fan su\u00e7 \u015febekeleriyle kararl\u0131l\u0131kla m\u00fccadele ediyoruz. Bu kabine d\u00f6nemimizde 9 bin 836 g\u00f6\u00e7men ka\u00e7akl\u0131\u011f\u0131 organizat\u00f6r\u00fcn\u00fc tutukland\u0131. 4 bin 146 s\u0131na ise adli kontrol h\u00fck\u00fcmleri uyguland\u0131. Milli kalk\u0131nma hamlesini g\u00fc\u00e7lendirmeyi, teknoloji ve inovasyon kapasitesini art\u0131rmay\u0131, uluslararas\u0131 alanda etkinli\u011fini geni\u015fletmeyi ve halk\u0131n ya\u015fam kalitesini y\u00fckseltmeyi hedefleyen T\u00fcrkiye Y\u00fczy\u0131l\u0131na; Denizlili karde\u015flerimin b\u00fcy\u00fck katk\u0131s\u0131 oldu\u011funu g\u00f6r\u00fcyoruz. Birlikte bu yolda y\u00fcr\u00fcd\u00fck\u00e7e bizi durdurabilecek bir g\u00fc\u00e7 yok. Kutlu davada omuz omuza y\u00fcr\u00fcd\u00fc\u011f\u00fcm\u00fcz, t\u00fcm te\u015fkilat mensuplar\u0131m\u0131za, Denizlili dava arkada\u015flar\u0131ma y\u00fcrekten te\u015fekk\u00fcr ediyorum. Allah hepinizden raz\u0131 olsun&#8221; dedi.<br \/><\/p>\n","protected":false},"excerpt":{"rendered":"<p>Bir dizi ziyaret kapsam\u0131nda Denizli\u2019ye gelen \u0130\u00e7i\u015fleri Bakan\u0131 Ali Yerlikaya, AK Parti \u0130l Ba\u015fkanl\u0131\u011f\u0131nda yapt\u0131\u011f\u0131 a\u00e7\u0131klamada, su\u00e7 ve su\u00e7lularla m\u00fccadelede kararl\u0131 olduklar\u0131n\u0131 ifade ederek, vatanda\u015flara &#8220;Siz ihbarda bulunun biz gere\u011fini yapal\u0131m&#8221; dedi. Ter\u00f6rs\u00fcz T\u00fcrkiye konusunun vicdani sorumluk ta\u015f\u0131d\u0131\u011f\u0131n\u0131 vurgulayan Bakan Yerlikaya, &#8220;Ter\u00f6rle m\u00fccadele kolay verilmedi. Bug\u00fcn Ter\u00f6rs\u00fcz T\u00fcrkiye\u2019den bahsediyorsak, bu u\u011furda feday\u0131 can eyleyen aziz&#8230;<\/p>\n","protected":false},"author":1,"featured_media":47786,"comment_status":"open","ping_status":"open","sticky":false,"template":"","format":"standard","meta":{"_crdt_document":"","footnotes":""},"categories":[127],"tags":[],"class_list":["post-47785","post","type-post","status-publish","format-standard","has-post-thumbnail","hentry","category-siyaset"],"_links":{"self":[{"href":"https:\/\/www.egemtv.com\/index.php?rest_route=\/wp\/v2\/posts\/47785","targetHints":{"allow":["GET"]}}],"collection":[{"href":"https:\/\/www.egemtv.com\/index.php?rest_route=\/wp\/v2\/posts"}],"about":[{"href":"https:\/\/www.egemtv.com\/index.php?rest_route=\/wp\/v2\/types\/post"}],"author":[{"embeddable":true,"href":"https:\/\/www.egemtv.com\/index.php?rest_route=\/wp\/v2\/users\/1"}],"replies":[{"embeddable":true,"href":"https:\/\/www.egemtv.com\/index.php?rest_route=%2Fwp%2Fv2%2Fcomments&post=47785"}],"version-history":[{"count":1,"href":"https:\/\/www.egemtv.com\/index.php?rest_route=\/wp\/v2\/posts\/47785\/revisions"}],"predecessor-version":[{"id":47787,"href":"https:\/\/www.egemtv.com\/index.php?rest_route=\/wp\/v2\/posts\/47785\/revisions\/47787"}],"wp:featuredmedia":[{"embeddable":true,"href":"https:\/\/www.egemtv.com\/index.php?rest_route=\/wp\/v2\/media\/47786"}],"wp:attachment":[{"href":"https:\/\/www.egemtv.com\/index.php?rest_route=%2Fwp%2Fv2%2Fmedia&parent=47785"}],"wp:term":[{"taxonomy":"category","embeddable":true,"href":"https:\/\/www.egemtv.com\/index.php?rest_route=%2Fwp%2Fv2%2Fcategories&post=47785"},{"taxonomy":"post_tag","embeddable":true,"href":"https:\/\/www.egemtv.com\/index.php?rest_route=%2Fwp%2Fv2%2Ftags&post=47785"}],"curies":[{"name":"wp","href":"https:\/\/api.w.org\/{rel}","templated":true}]}}