{"id":47782,"date":"2025-08-09T17:56:13","date_gmt":"2025-08-09T14:56:13","guid":{"rendered":"https:\/\/www.egemtv.com\/?p=47782"},"modified":"2025-08-09T17:56:14","modified_gmt":"2025-08-09T14:56:14","slug":"kusadasisporda-hedef-profesyonel-lige-geri-donmek","status":"publish","type":"post","link":"https:\/\/www.egemtv.com\/?p=47782","title":{"rendered":"Ku\u015fadas\u0131spor\u2019da hedef profesyonel lige geri d\u00f6nmek"},"content":{"rendered":"<p>Yeni sezonda B\u00f6lgesel Amat\u00f6r Lig\u2019de m\u00fccadele edecek olan Ku\u015fadas\u0131spor\u2019da Bas\u0131n S\u00f6zc\u00fcs\u00fc Ekrem Keser hedeflerinin yeniden profesyonel lige geri d\u00f6nmek oldu\u011funu a\u00e7\u0131klad\u0131.<br \/>\n<br \/>Ge\u00e7ti\u011fimiz sezon 3. Lig\u2019de istedi\u011fi sonu\u00e7lar\u0131 alamayarak k\u00fcme d\u00fc\u015fen ve 2025-2026 sezonunda B\u00f6lgesel Amat\u00f6r Lig\u2019de (BAL) yer alacak olan Ku\u015fadas\u0131spor\u2019da, yeni sezon \u00f6ncesi hareketli g\u00fcnler ya\u015fan\u0131yor. Siyah-beyazl\u0131 ekip, y\u00f6netim de\u011fi\u015fikli\u011finden teknik kadroya, transfer \u00e7al\u0131\u015fmalar\u0131ndan hedeflere kadar bir\u00e7ok yenilikle taraftarlar\u0131n\u0131n kar\u015f\u0131s\u0131na \u00e7\u0131kmaya haz\u0131rlan\u0131yor.<br \/>\n<br \/>Sezon \u00f6ncesinde ger\u00e7ekle\u015ftirilen genel kurulda kul\u00fcp ba\u015fkanl\u0131\u011f\u0131 g\u00f6revini b\u0131rakan Yaser Do\u011fan\u2019\u0131n yerine Kudret Durdu se\u00e7ildi. Yeni ba\u015fkanla birlikte y\u00f6netim kadrosunu g\u00fc\u00e7lendiren Ku\u015fadas\u0131spor, hem idari hem sportif anlamda yeniden yap\u0131lanma s\u00fcrecine girdi. Teknik direkt\u00f6rl\u00fck g\u00f6revine ise ge\u00e7en sezon BAL\u2019da Hendekspor\u2019u \u00e7al\u0131\u015ft\u0131ran tecr\u00fcbeli antren\u00f6r Ersin Sar\u0131 getirildi. Sar\u0131, tecr\u00fcbeli ve dinamik bir ekiple sahaya \u00e7\u0131kmay\u0131 planlarken, tempolu futbol anlay\u0131\u015f\u0131yla tak\u0131m\u0131 yeniden profesyonel lige y\u00fckselmeyi hedefliyor.<br \/>\n<br \/>Bas\u0131n S\u00f6zc\u00fcs\u00fc Ekrem Keser, i\u00e7 transferde 11 futbolcuyla yeniden anla\u015farak iskelet kadroyu koruduklar\u0131n\u0131, ancak bununla yetinmeyip s\u0131f\u0131rdan g\u00fc\u00e7l\u00fc bir kadro kurma \u00e7al\u0131\u015fmalar\u0131n\u0131 s\u00fcrd\u00fcrd\u00fcklerini belirtti.<br \/>\n<br \/>Keser, &#8220;D\u0131\u015f transferde \u015fu ana kadar Mehmet Elma ve Baran Yard\u0131mc\u0131 ile s\u00f6zle\u015fme imzalad\u0131k. Ancak bu transferler sadece ba\u015flang\u0131\u00e7. Taraftar\u0131m\u0131z\u0131 heyecanland\u0131racak bir bomba transfer \u00fczerinde \u00e7al\u0131\u015f\u0131yoruz. Kadromuzu hem tecr\u00fcbeli hem gen\u00e7 yeteneklerle g\u00fc\u00e7lendirece\u011fiz&#8221; dedi.<br \/>\n<br \/>Yeni sezon planlamas\u0131nda yaln\u0131zca lige tutunmak de\u011fil, do\u011frudan \u015fampiyonluk hedeflediklerini vurgulayan Keser, &#8220;Ku\u015fadas\u0131spor\u2019un yeri amat\u00f6r ligler de\u011fil. T\u00fcm camia olarak tek hedefimiz yeniden 3. Lig\u2019e d\u00f6nmek. Taraftar\u0131m\u0131z\u0131n deste\u011fiyle bunu ba\u015faraca\u011f\u0131m\u0131za inan\u0131yoruz&#8221; ifadelerini kulland\u0131.<br \/>\n<br \/>Ku\u015fadas\u0131spor, \u00f6n\u00fcm\u00fczdeki g\u00fcnlerde transfer \u00e7al\u0131\u015fmalar\u0131n\u0131 h\u0131zland\u0131rarak haz\u0131rl\u0131k kamp\u0131 program\u0131n\u0131 a\u00e7\u0131klayacak. Y\u00f6netim, yeni sezon \u00f6ncesi kentte futbol heyecan\u0131n\u0131 tekrar y\u00fckseltmeyi ama\u00e7l\u0131yor.<br \/><\/p>\n","protected":false},"excerpt":{"rendered":"<p>Yeni sezonda B\u00f6lgesel Amat\u00f6r Lig\u2019de m\u00fccadele edecek olan Ku\u015fadas\u0131spor\u2019da Bas\u0131n S\u00f6zc\u00fcs\u00fc Ekrem Keser hedeflerinin yeniden profesyonel lige geri d\u00f6nmek oldu\u011funu a\u00e7\u0131klad\u0131. Ge\u00e7ti\u011fimiz sezon 3. Lig\u2019de istedi\u011fi sonu\u00e7lar\u0131 alamayarak k\u00fcme d\u00fc\u015fen ve 2025-2026 sezonunda B\u00f6lgesel Amat\u00f6r Lig\u2019de (BAL) yer alacak olan Ku\u015fadas\u0131spor\u2019da, yeni sezon \u00f6ncesi hareketli g\u00fcnler ya\u015fan\u0131yor. Siyah-beyazl\u0131 ekip, y\u00f6netim de\u011fi\u015fikli\u011finden teknik kadroya, transfer \u00e7al\u0131\u015fmalar\u0131ndan&#8230;<\/p>\n","protected":false},"author":1,"featured_media":47783,"comment_status":"open","ping_status":"open","sticky":false,"template":"","format":"standard","meta":{"_crdt_document":"","footnotes":""},"categories":[4],"tags":[],"class_list":["post-47782","post","type-post","status-publish","format-standard","has-post-thumbnail","hentry","category-spor"],"_links":{"self":[{"href":"https:\/\/www.egemtv.com\/index.php?rest_route=\/wp\/v2\/posts\/47782","targetHints":{"allow":["GET"]}}],"collection":[{"href":"https:\/\/www.egemtv.com\/index.php?rest_route=\/wp\/v2\/posts"}],"about":[{"href":"https:\/\/www.egemtv.com\/index.php?rest_route=\/wp\/v2\/types\/post"}],"author":[{"embeddable":true,"href":"https:\/\/www.egemtv.com\/index.php?rest_route=\/wp\/v2\/users\/1"}],"replies":[{"embeddable":true,"href":"https:\/\/www.egemtv.com\/index.php?rest_route=%2Fwp%2Fv2%2Fcomments&post=47782"}],"version-history":[{"count":1,"href":"https:\/\/www.egemtv.com\/index.php?rest_route=\/wp\/v2\/posts\/47782\/revisions"}],"predecessor-version":[{"id":47784,"href":"https:\/\/www.egemtv.com\/index.php?rest_route=\/wp\/v2\/posts\/47782\/revisions\/47784"}],"wp:featuredmedia":[{"embeddable":true,"href":"https:\/\/www.egemtv.com\/index.php?rest_route=\/wp\/v2\/media\/47783"}],"wp:attachment":[{"href":"https:\/\/www.egemtv.com\/index.php?rest_route=%2Fwp%2Fv2%2Fmedia&parent=47782"}],"wp:term":[{"taxonomy":"category","embeddable":true,"href":"https:\/\/www.egemtv.com\/index.php?rest_route=%2Fwp%2Fv2%2Fcategories&post=47782"},{"taxonomy":"post_tag","embeddable":true,"href":"https:\/\/www.egemtv.com\/index.php?rest_route=%2Fwp%2Fv2%2Ftags&post=47782"}],"curies":[{"name":"wp","href":"https:\/\/api.w.org\/{rel}","templated":true}]}}