{"id":47779,"date":"2025-08-09T17:56:12","date_gmt":"2025-08-09T14:56:12","guid":{"rendered":"https:\/\/www.egemtv.com\/?p=47779"},"modified":"2025-08-09T17:56:13","modified_gmt":"2025-08-09T14:56:13","slug":"besinci-genclik-ve-tarim-kampi-sona-erdi","status":"publish","type":"post","link":"https:\/\/www.egemtv.com\/?p=47779","title":{"rendered":"Be\u015finci Gen\u00e7lik ve Tar\u0131m Kamp\u0131 sona erdi"},"content":{"rendered":"<p>Bodrum Belediyesi Tar\u0131msal Hizmetler M\u00fcd\u00fcrl\u00fc\u011f\u00fc taraf\u0131ndan bu y\u0131l be\u015fincisi d\u00fczenlenen Gen\u00e7lik ve Tar\u0131m Kamp\u0131 tamamland\u0131.<br \/>\n<br \/>Temmuz ve a\u011fustos aylar\u0131nda Garaova Tar\u0131m Park\u0131\u2019nda \u00fc\u00e7 d\u00f6nem halinde ger\u00e7ekle\u015ftirilen kamp, 18 ile 40 ya\u015f aral\u0131\u011f\u0131ndaki yerli ve yabanc\u0131 kat\u0131l\u0131mc\u0131lara tar\u0131m odakl\u0131 dolu dolu bir program sundu. Kat\u0131l\u0131mc\u0131lar, kamp s\u00fcresince lavanta hasad\u0131na kat\u0131larak tar\u0131msal \u00fcretim s\u00fcre\u00e7lerine do\u011frudan dahil olma f\u0131rsat\u0131 yakalad\u0131. \u0130smail Hakk\u0131 Tongu\u00e7 Tar\u0131m Okulu ve M\u00fczesi\u2019nde verilen e\u011fitimlerle tar\u0131m\u0131n teorik temelleri aktar\u0131ld\u0131. Tar\u0131m e\u011fitimlerinin yan\u0131nda, Karaova b\u00f6lgesindeki yerel \u00fcreticilerle yap\u0131lan bulu\u015fmalarla b\u00f6lgeye \u00f6zg\u00fc \u00fcr\u00fcnler tan\u0131t\u0131ld\u0131, b\u00f6lge k\u00fclt\u00fcr\u00fcyle ilgili bilgilendirmeler yap\u0131ld\u0131. Ayr\u0131ca a\u00e7\u0131k hava sinema g\u00f6sterimleri ve Bodrum Belediyesi \u015eehir Tiyatrosu\u2019nun sahneledi\u011fi tiyatro oyunlar\u0131yla kat\u0131l\u0131mc\u0131lar e\u011flenceli anlar ya\u015fad\u0131. D\u00fczenlenen panoramik turlar sayesinde yar\u0131madan\u0131n tarihi ve do\u011fal miras\u0131 da tan\u0131t\u0131ld\u0131. Gen\u00e7lik ve Tar\u0131m Kamp\u0131n\u0131n sonunda sertifikalar\u0131n\u0131 teslim alan kat\u0131l\u0131mc\u0131lar, b\u00f6yle bir organizasyonu hayata ge\u00e7irdi\u011fi i\u00e7in Bodrum Belediyesi\u2019ne te\u015fekk\u00fcr etti.<\/p>\n<p>&#8220;Agro Turizm potansiyelimizi g\u00fc\u00e7lendiriyoruz&#8221;<br \/>\n<br \/>Bodrum Belediye Ba\u015fkan\u0131 Tamer Mandalinci, kamp ile ilgili \u015fu ifadeleri kulland\u0131: &#8220;Bu y\u0131l be\u015fincisini d\u00fczenledi\u011fimiz Garaova Gen\u00e7lik ve Tar\u0131m Kamp\u0131, Bodrum\u2019un tar\u0131msal ve k\u00fclt\u00fcrel miras\u0131n\u0131 hem yurt i\u00e7inde hem de uluslararas\u0131 alanda tan\u0131tma f\u0131rsat\u0131 sundu. Her ge\u00e7en y\u0131l Bodrum\u2019un yerel zenginliklerini daha fazla ki\u015fiye ula\u015ft\u0131r\u0131yor, kentin agro turizm potansiyelini g\u00fc\u00e7lendiriyoruz. Gen\u00e7lerimizi do\u011fru tar\u0131m y\u00f6ntemleriyle ve k\u00fclt\u00fcrle bulu\u015fturan bu anlaml\u0131 projede eme\u011fi ge\u00e7en t\u00fcm ekip arkada\u015flar\u0131ma te\u015fekk\u00fcr ediyorum.&#8221;<br \/><\/p>\n","protected":false},"excerpt":{"rendered":"<p>Bodrum Belediyesi Tar\u0131msal Hizmetler M\u00fcd\u00fcrl\u00fc\u011f\u00fc taraf\u0131ndan bu y\u0131l be\u015fincisi d\u00fczenlenen Gen\u00e7lik ve Tar\u0131m Kamp\u0131 tamamland\u0131. Temmuz ve a\u011fustos aylar\u0131nda Garaova Tar\u0131m Park\u0131\u2019nda \u00fc\u00e7 d\u00f6nem halinde ger\u00e7ekle\u015ftirilen kamp, 18 ile 40 ya\u015f aral\u0131\u011f\u0131ndaki yerli ve yabanc\u0131 kat\u0131l\u0131mc\u0131lara tar\u0131m odakl\u0131 dolu dolu bir program sundu. Kat\u0131l\u0131mc\u0131lar, kamp s\u00fcresince lavanta hasad\u0131na kat\u0131larak tar\u0131msal \u00fcretim s\u00fcre\u00e7lerine do\u011frudan dahil olma&#8230;<\/p>\n","protected":false},"author":1,"featured_media":47780,"comment_status":"open","ping_status":"open","sticky":false,"template":"","format":"standard","meta":{"_crdt_document":"","footnotes":""},"categories":[1],"tags":[],"class_list":["post-47779","post","type-post","status-publish","format-standard","has-post-thumbnail","hentry","category-guncel"],"_links":{"self":[{"href":"https:\/\/www.egemtv.com\/index.php?rest_route=\/wp\/v2\/posts\/47779","targetHints":{"allow":["GET"]}}],"collection":[{"href":"https:\/\/www.egemtv.com\/index.php?rest_route=\/wp\/v2\/posts"}],"about":[{"href":"https:\/\/www.egemtv.com\/index.php?rest_route=\/wp\/v2\/types\/post"}],"author":[{"embeddable":true,"href":"https:\/\/www.egemtv.com\/index.php?rest_route=\/wp\/v2\/users\/1"}],"replies":[{"embeddable":true,"href":"https:\/\/www.egemtv.com\/index.php?rest_route=%2Fwp%2Fv2%2Fcomments&post=47779"}],"version-history":[{"count":1,"href":"https:\/\/www.egemtv.com\/index.php?rest_route=\/wp\/v2\/posts\/47779\/revisions"}],"predecessor-version":[{"id":47781,"href":"https:\/\/www.egemtv.com\/index.php?rest_route=\/wp\/v2\/posts\/47779\/revisions\/47781"}],"wp:featuredmedia":[{"embeddable":true,"href":"https:\/\/www.egemtv.com\/index.php?rest_route=\/wp\/v2\/media\/47780"}],"wp:attachment":[{"href":"https:\/\/www.egemtv.com\/index.php?rest_route=%2Fwp%2Fv2%2Fmedia&parent=47779"}],"wp:term":[{"taxonomy":"category","embeddable":true,"href":"https:\/\/www.egemtv.com\/index.php?rest_route=%2Fwp%2Fv2%2Fcategories&post=47779"},{"taxonomy":"post_tag","embeddable":true,"href":"https:\/\/www.egemtv.com\/index.php?rest_route=%2Fwp%2Fv2%2Ftags&post=47779"}],"curies":[{"name":"wp","href":"https:\/\/api.w.org\/{rel}","templated":true}]}}