{"id":47746,"date":"2025-08-09T15:36:16","date_gmt":"2025-08-09T12:36:16","guid":{"rendered":"https:\/\/www.egemtv.com\/?p=47746"},"modified":"2025-08-09T15:36:17","modified_gmt":"2025-08-09T12:36:17","slug":"sarigolun-agackondusu-ilgi-cekmeye-devam-ediyor","status":"publish","type":"post","link":"https:\/\/www.egemtv.com\/?p=47746","title":{"rendered":"Sar\u0131g\u00f6l\u2019\u00fcn a\u011fa\u00e7kondusu ilgi \u00e7ekmeye devam ediyor"},"content":{"rendered":"<p>Manisa\u2019n\u0131n Sar\u0131g\u00f6l il\u00e7esinde \u00fcz\u00fcm \u00fcreticisi Mustafa \u0130ncekara\u2019n\u0131n, ba\u011f\u0131n\u0131n yol kenar\u0131ndaki dut a\u011fac\u0131na dinlenmek i\u00e7in yapt\u0131rd\u0131\u011f\u0131 a\u011fa\u00e7kondu g\u00f6renlerin ilgisini \u00e7ekmeye devam ediyor.<br \/>\n<br \/>\u0130ncekara, iki y\u0131l \u00f6nce yapt\u0131rd\u0131\u011f\u0131 a\u011fa\u00e7kondunun alt k\u0131sm\u0131na bu y\u0131l evinden getirdi\u011fi koltu\u011fu yerle\u015ftirerek ba\u011fda \u00e7al\u0131\u015f\u0131rken dinlenme imkan\u0131 da buluyor.<br \/>\n<br \/>\u00dcretici Mustafa \u0130ncekara, &#8220;\u00dcz\u00fcm ba\u011f\u0131m T\u0131razlar Mahallesi ile \u00c7imentepe Mahallesi anayolu kenar\u0131nda bulunuyor. Dut a\u011fac\u0131na dinlenme ama\u00e7l\u0131 iki ki\u015filik bir oda yapt\u0131rd\u0131m. Merdiveni de var. Bu y\u0131l da evimden koltu\u011fumu getirip a\u011fa\u00e7kondunun alt\u0131na koydum. Ba\u011fda yoruldu\u011fumda burada dinleniyorum. G\u00f6renler ilgiyle bak\u0131yor, ben de \u00e7ok rahat ediyorum.&#8221; dedi.<br \/><\/p>\n","protected":false},"excerpt":{"rendered":"<p>Manisa\u2019n\u0131n Sar\u0131g\u00f6l il\u00e7esinde \u00fcz\u00fcm \u00fcreticisi Mustafa \u0130ncekara\u2019n\u0131n, ba\u011f\u0131n\u0131n yol kenar\u0131ndaki dut a\u011fac\u0131na dinlenmek i\u00e7in yapt\u0131rd\u0131\u011f\u0131 a\u011fa\u00e7kondu g\u00f6renlerin ilgisini \u00e7ekmeye devam ediyor. \u0130ncekara, iki y\u0131l \u00f6nce yapt\u0131rd\u0131\u011f\u0131 a\u011fa\u00e7kondunun alt k\u0131sm\u0131na bu y\u0131l evinden getirdi\u011fi koltu\u011fu yerle\u015ftirerek ba\u011fda \u00e7al\u0131\u015f\u0131rken dinlenme imkan\u0131 da buluyor. \u00dcretici Mustafa \u0130ncekara, &#8220;\u00dcz\u00fcm ba\u011f\u0131m T\u0131razlar Mahallesi ile \u00c7imentepe Mahallesi anayolu kenar\u0131nda bulunuyor. Dut&#8230;<\/p>\n","protected":false},"author":1,"featured_media":47747,"comment_status":"open","ping_status":"open","sticky":false,"template":"","format":"standard","meta":{"_crdt_document":"","footnotes":""},"categories":[1],"tags":[],"class_list":["post-47746","post","type-post","status-publish","format-standard","has-post-thumbnail","hentry","category-guncel"],"_links":{"self":[{"href":"https:\/\/www.egemtv.com\/index.php?rest_route=\/wp\/v2\/posts\/47746","targetHints":{"allow":["GET"]}}],"collection":[{"href":"https:\/\/www.egemtv.com\/index.php?rest_route=\/wp\/v2\/posts"}],"about":[{"href":"https:\/\/www.egemtv.com\/index.php?rest_route=\/wp\/v2\/types\/post"}],"author":[{"embeddable":true,"href":"https:\/\/www.egemtv.com\/index.php?rest_route=\/wp\/v2\/users\/1"}],"replies":[{"embeddable":true,"href":"https:\/\/www.egemtv.com\/index.php?rest_route=%2Fwp%2Fv2%2Fcomments&post=47746"}],"version-history":[{"count":1,"href":"https:\/\/www.egemtv.com\/index.php?rest_route=\/wp\/v2\/posts\/47746\/revisions"}],"predecessor-version":[{"id":47748,"href":"https:\/\/www.egemtv.com\/index.php?rest_route=\/wp\/v2\/posts\/47746\/revisions\/47748"}],"wp:featuredmedia":[{"embeddable":true,"href":"https:\/\/www.egemtv.com\/index.php?rest_route=\/wp\/v2\/media\/47747"}],"wp:attachment":[{"href":"https:\/\/www.egemtv.com\/index.php?rest_route=%2Fwp%2Fv2%2Fmedia&parent=47746"}],"wp:term":[{"taxonomy":"category","embeddable":true,"href":"https:\/\/www.egemtv.com\/index.php?rest_route=%2Fwp%2Fv2%2Fcategories&post=47746"},{"taxonomy":"post_tag","embeddable":true,"href":"https:\/\/www.egemtv.com\/index.php?rest_route=%2Fwp%2Fv2%2Ftags&post=47746"}],"curies":[{"name":"wp","href":"https:\/\/api.w.org\/{rel}","templated":true}]}}