{"id":47743,"date":"2025-08-09T15:15:35","date_gmt":"2025-08-09T12:15:35","guid":{"rendered":"https:\/\/www.egemtv.com\/?p=47743"},"modified":"2025-08-09T15:15:36","modified_gmt":"2025-08-09T12:15:36","slug":"tavsanlida-seralarda-bitki-hastalik-ve-zararli-kontrolleri","status":"publish","type":"post","link":"https:\/\/www.egemtv.com\/?p=47743","title":{"rendered":"Tav\u015fanl\u0131\u2019da seralarda bitki hastal\u0131k ve zararl\u0131 kontrolleri"},"content":{"rendered":"<p>Tav\u015fanl\u0131 \u0130l\u00e7e Tar\u0131m ve Orman M\u00fcd\u00fcrl\u00fc\u011f\u00fcnce seralarda bitki hastal\u0131k ve zararl\u0131 kontrollerinin ger\u00e7ekle\u015ftirildi\u011fi bildirildi.<br \/>\n<br \/>\u0130l\u00e7eye ba\u011fl\u0131 \u0130sak\u00f6y\u2019de, \u0130l\u00e7e Tar\u0131m ve Orman M\u00fcd\u00fcrl\u00fc\u011f\u00fc teknik personelleri taraf\u0131ndan seralarda bitki hastal\u0131k ve zararl\u0131 kontrolleri ger\u00e7ekle\u015ftirildi. Ayr\u0131ca \u00fcreticilere hastal\u0131klarla m\u00fccadele y\u00f6ntemleri hakk\u0131nda yerinde bilgilendirmelerde bulunuldu.<br \/><\/p>\n","protected":false},"excerpt":{"rendered":"<p>Tav\u015fanl\u0131 \u0130l\u00e7e Tar\u0131m ve Orman M\u00fcd\u00fcrl\u00fc\u011f\u00fcnce seralarda bitki hastal\u0131k ve zararl\u0131 kontrollerinin ger\u00e7ekle\u015ftirildi\u011fi bildirildi. \u0130l\u00e7eye ba\u011fl\u0131 \u0130sak\u00f6y\u2019de, \u0130l\u00e7e Tar\u0131m ve Orman M\u00fcd\u00fcrl\u00fc\u011f\u00fc teknik personelleri taraf\u0131ndan seralarda bitki hastal\u0131k ve zararl\u0131 kontrolleri ger\u00e7ekle\u015ftirildi. Ayr\u0131ca \u00fcreticilere hastal\u0131klarla m\u00fccadele y\u00f6ntemleri hakk\u0131nda yerinde bilgilendirmelerde bulunuldu.<\/p>\n","protected":false},"author":1,"featured_media":47744,"comment_status":"open","ping_status":"open","sticky":false,"template":"","format":"standard","meta":{"_crdt_document":"","footnotes":""},"categories":[125],"tags":[],"class_list":["post-47743","post","type-post","status-publish","format-standard","has-post-thumbnail","hentry","category-ekonomi"],"_links":{"self":[{"href":"https:\/\/www.egemtv.com\/index.php?rest_route=\/wp\/v2\/posts\/47743","targetHints":{"allow":["GET"]}}],"collection":[{"href":"https:\/\/www.egemtv.com\/index.php?rest_route=\/wp\/v2\/posts"}],"about":[{"href":"https:\/\/www.egemtv.com\/index.php?rest_route=\/wp\/v2\/types\/post"}],"author":[{"embeddable":true,"href":"https:\/\/www.egemtv.com\/index.php?rest_route=\/wp\/v2\/users\/1"}],"replies":[{"embeddable":true,"href":"https:\/\/www.egemtv.com\/index.php?rest_route=%2Fwp%2Fv2%2Fcomments&post=47743"}],"version-history":[{"count":1,"href":"https:\/\/www.egemtv.com\/index.php?rest_route=\/wp\/v2\/posts\/47743\/revisions"}],"predecessor-version":[{"id":47745,"href":"https:\/\/www.egemtv.com\/index.php?rest_route=\/wp\/v2\/posts\/47743\/revisions\/47745"}],"wp:featuredmedia":[{"embeddable":true,"href":"https:\/\/www.egemtv.com\/index.php?rest_route=\/wp\/v2\/media\/47744"}],"wp:attachment":[{"href":"https:\/\/www.egemtv.com\/index.php?rest_route=%2Fwp%2Fv2%2Fmedia&parent=47743"}],"wp:term":[{"taxonomy":"category","embeddable":true,"href":"https:\/\/www.egemtv.com\/index.php?rest_route=%2Fwp%2Fv2%2Fcategories&post=47743"},{"taxonomy":"post_tag","embeddable":true,"href":"https:\/\/www.egemtv.com\/index.php?rest_route=%2Fwp%2Fv2%2Ftags&post=47743"}],"curies":[{"name":"wp","href":"https:\/\/api.w.org\/{rel}","templated":true}]}}