{"id":47740,"date":"2025-08-09T14:36:29","date_gmt":"2025-08-09T11:36:29","guid":{"rendered":"https:\/\/www.egemtv.com\/?p=47740"},"modified":"2025-08-09T14:36:30","modified_gmt":"2025-08-09T11:36:30","slug":"doc-dr-durmus-ozdemir-kutahya-tasarim-teknokent-girisimcilere-ve-genclere-yeni-ufuklar-aciyor","status":"publish","type":"post","link":"https:\/\/www.egemtv.com\/?p=47740","title":{"rendered":"Do\u00e7. Dr. Durmu\u015f \u00d6zdemir: &#8220;K\u00fctahya Tasar\u0131m Teknokent, giri\u015fimcilere ve gen\u00e7lere yeni ufuklar a\u00e7\u0131yor&#8221;"},"content":{"rendered":"<p>K\u00fctahya Tasar\u0131m Teknokent Genel M\u00fcd\u00fcr\u00fc Do\u00e7. Dr. Durmu\u015f \u00d6zdemir, teknokentin son bir y\u0131lda \u00f6nemli bir b\u00fcy\u00fcme kaydetti\u011fini belirterek, &#8220;Son bir y\u0131lda 37 firma daha b\u00fcnyemize kat\u0131ld\u0131. Toplamda 102 AR-GE firmam\u0131z oldu. Muafiyetlerden yararlanan personel say\u0131m\u0131z ise 616\u2019ya ula\u015ft\u0131&#8221; dedi.<br \/>\n<br \/>\u0130HA K\u00fctahya B\u00fcrosu\u2019nu ziyaret eden \u00d6zdemir, \u00f6zellikle yaz\u0131l\u0131m ve yapay zek\u00e2 alan\u0131nda faaliyet g\u00f6steren firmalar\u0131n K\u00fctahya\u2019da ilk kez bu \u00f6l\u00e7ekte yer ald\u0131\u011f\u0131n\u0131 vurgulad\u0131. \u00d6zdemir, &#8220;Sadece buraya \u00f6zg\u00fc \u015firketlerimiz var. Bu, K\u00fctahya\u2019daki ilklerdendir&#8221; diye konu\u015ftu.<br \/>\n<br \/>T\u00fcrkiye\u2019nin farkl\u0131 \u015fehirlerinden firmalar\u0131n Teknopark\u2019ta faaliyet g\u00f6sterdi\u011fini s\u00f6yleyen \u00d6zdemir, &#8220;Ankara, Bursa, \u00c7anakkale, Eski\u015fehir, \u0130stanbul, \u0130znik, Konya, K\u00fctahya, Mersin, Sinop gibi \u015fehirlerden gelen firmalar\u0131m\u0131z var. Burada en \u00f6nemli nokta ise K\u00fctahya\u2019dan 50 yerli firmam\u0131z\u0131n bulunmas\u0131. Bu say\u0131 ge\u00e7mi\u015fte yoktu&#8221; dedi.<br \/>\n<br \/>Firmalar\u0131n teknoloji d\u00fczeylerine de\u011finen \u00d6zdemir, &#8220;Orta d\u00fc\u015f\u00fck seviyede 6, orta y\u00fcksek seviyede 4, y\u00fcksek teknoloji seviyesinde ise 90 firmam\u0131z var&#8221; diye konu\u015ftu.<br \/>\n<br \/>Tar\u0131m, seramik, sa\u011fl\u0131k, perakendecilik, enerji, havac\u0131l\u0131k, elektronik, finans ve fintech gibi \u00e7ok say\u0131da sekt\u00f6rde firmalar\u0131n yer ald\u0131\u011f\u0131n\u0131 aktaran \u00d6zdemir, akademik yay\u0131n say\u0131s\u0131nda da art\u0131\u015f ya\u015fand\u0131\u011f\u0131n\u0131 s\u00f6yledi. \u00d6zdemir, &#8220;Y\u0131l\u0131n ilk alt\u0131 ay\u0131nda 7 indeksli yay\u0131n yapt\u0131k. Y\u0131l sonunda bu say\u0131n\u0131n iki kat\u0131na \u00e7\u0131kmas\u0131n\u0131 bekliyoruz. Bu da \u00fcniversitemizin ve teknokentimizin s\u0131ralamas\u0131na olumlu yans\u0131yacak&#8221; ifadelerini kulland\u0131.<br \/><\/p>\n","protected":false},"excerpt":{"rendered":"<p>K\u00fctahya Tasar\u0131m Teknokent Genel M\u00fcd\u00fcr\u00fc Do\u00e7. Dr. Durmu\u015f \u00d6zdemir, teknokentin son bir y\u0131lda \u00f6nemli bir b\u00fcy\u00fcme kaydetti\u011fini belirterek, &#8220;Son bir y\u0131lda 37 firma daha b\u00fcnyemize kat\u0131ld\u0131. Toplamda 102 AR-GE firmam\u0131z oldu. Muafiyetlerden yararlanan personel say\u0131m\u0131z ise 616\u2019ya ula\u015ft\u0131&#8221; dedi. \u0130HA K\u00fctahya B\u00fcrosu\u2019nu ziyaret eden \u00d6zdemir, \u00f6zellikle yaz\u0131l\u0131m ve yapay zek\u00e2 alan\u0131nda faaliyet g\u00f6steren firmalar\u0131n K\u00fctahya\u2019da&#8230;<\/p>\n","protected":false},"author":1,"featured_media":47741,"comment_status":"open","ping_status":"open","sticky":false,"template":"","format":"standard","meta":{"_crdt_document":"","footnotes":""},"categories":[124],"tags":[],"class_list":["post-47740","post","type-post","status-publish","format-standard","has-post-thumbnail","hentry","category-bilim"],"_links":{"self":[{"href":"https:\/\/www.egemtv.com\/index.php?rest_route=\/wp\/v2\/posts\/47740","targetHints":{"allow":["GET"]}}],"collection":[{"href":"https:\/\/www.egemtv.com\/index.php?rest_route=\/wp\/v2\/posts"}],"about":[{"href":"https:\/\/www.egemtv.com\/index.php?rest_route=\/wp\/v2\/types\/post"}],"author":[{"embeddable":true,"href":"https:\/\/www.egemtv.com\/index.php?rest_route=\/wp\/v2\/users\/1"}],"replies":[{"embeddable":true,"href":"https:\/\/www.egemtv.com\/index.php?rest_route=%2Fwp%2Fv2%2Fcomments&post=47740"}],"version-history":[{"count":1,"href":"https:\/\/www.egemtv.com\/index.php?rest_route=\/wp\/v2\/posts\/47740\/revisions"}],"predecessor-version":[{"id":47742,"href":"https:\/\/www.egemtv.com\/index.php?rest_route=\/wp\/v2\/posts\/47740\/revisions\/47742"}],"wp:featuredmedia":[{"embeddable":true,"href":"https:\/\/www.egemtv.com\/index.php?rest_route=\/wp\/v2\/media\/47741"}],"wp:attachment":[{"href":"https:\/\/www.egemtv.com\/index.php?rest_route=%2Fwp%2Fv2%2Fmedia&parent=47740"}],"wp:term":[{"taxonomy":"category","embeddable":true,"href":"https:\/\/www.egemtv.com\/index.php?rest_route=%2Fwp%2Fv2%2Fcategories&post=47740"},{"taxonomy":"post_tag","embeddable":true,"href":"https:\/\/www.egemtv.com\/index.php?rest_route=%2Fwp%2Fv2%2Ftags&post=47740"}],"curies":[{"name":"wp","href":"https:\/\/api.w.org\/{rel}","templated":true}]}}