{"id":47737,"date":"2025-08-09T14:36:28","date_gmt":"2025-08-09T11:36:28","guid":{"rendered":"https:\/\/www.egemtv.com\/?p=47737"},"modified":"2025-08-09T14:36:29","modified_gmt":"2025-08-09T11:36:29","slug":"ulusal-otizm-konfederasyonundan-il-saglik-muduru-dr-hakki-ozturke-ziyaret","status":"publish","type":"post","link":"https:\/\/www.egemtv.com\/?p=47737","title":{"rendered":"Ulusal Otizm Konfederasyonu\u2019ndan \u0130l Sa\u011fl\u0131k M\u00fcd\u00fcr\u00fc Dr. Hakk\u0131 \u00d6zt\u00fcrk\u2019e ziyaret"},"content":{"rendered":"<p>Afyonkarahisar\u2019da Ulusal Otizm Konfederasyonu Ba\u015fkan\u0131 Fatma Kilci Kavas ve y\u00f6netim kurulu \u00fcyeleri, \u0130l Sa\u011fl\u0131k M\u00fcd\u00fcr\u00fc Dr. Hakk\u0131 \u00d6zt\u00fcrk\u2019\u00fc makam\u0131nda ziyaret etti.<br \/>\n<br \/>Ziyaret \u00e7er\u00e7evesinde, otizmli bireylerin sa\u011fl\u0131k hizmetlerine eri\u015fimi, sa\u011fl\u0131k alan\u0131nda ya\u015fanan mevcut sorunlar ve \u00e7\u00f6z\u00fcm \u00f6nerileri ile kurumlar aras\u0131 i\u015f birli\u011finin g\u00fc\u00e7lendirilmesine y\u00f6nelik kapsaml\u0131 bir g\u00f6r\u00fc\u015f al\u0131\u015fveri\u015finde bulunuldu. Otizm alan\u0131nda y\u0131llard\u0131r sahada aktif olarak \u00e7al\u0131\u015fan ve \u00e7ok say\u0131da projeye \u00f6nc\u00fcl\u00fck eden Ulusal Otizm Konfederasyonu Ba\u015fkan\u0131 Fatma Kilci Kavas, otizmli bireylerin gerek tan\u0131 s\u00fcrecinde gerekse sonras\u0131nda sa\u011fl\u0131k hizmetlerine eri\u015fimde ciddi zorluklar ya\u015fad\u0131\u011f\u0131n\u0131 vurgulad\u0131. Kavas, &#8220;Erken tan\u0131 ve do\u011fru y\u00f6nlendirme, otizmli bireylerin hayat\u0131n\u0131 de\u011fi\u015ftirebilir. Bu s\u00fcre\u00e7te ailelerin desteklenmesi, sa\u011fl\u0131k personelinin otizm konusunda bilin\u00e7lendirilmesi ve \u00f6zellikle acil durumlarda otizmli bireylerin ihtiya\u00e7lar\u0131n\u0131n g\u00f6z \u00f6n\u00fcnde bulundurulmas\u0131 hayati \u00f6nemdedir. Bu noktada sa\u011fl\u0131k kurumlar\u0131yla kurulacak yap\u0131c\u0131 i\u015f birlikleri, hem bireysel hem de toplumsal kazan\u0131mlar sa\u011flayacakt\u0131r&#8221; dedi.<\/p>\n<p>&#8220;\u00c7\u00f6z\u00fcm odakl\u0131 politikalar geli\u015ftirmeye gayret ediyoruz&#8221;<br \/>\n<br \/>\u0130l Sa\u011fl\u0131k M\u00fcd\u00fcr\u00fc Dr. Hakk\u0131 \u00d6zt\u00fcrk ise, ziyaretten duydu\u011fu memnuniyeti dile getirerek Ulusal Otizm Konfederasyonu\u2019nun \u00e7al\u0131\u015fmalar\u0131n\u0131 takdirle kar\u015f\u0131lad\u0131klar\u0131n\u0131 belirtti. Dr. \u00d6zt\u00fcrk, &#8220;Otizmli bireylerimizin sa\u011fl\u0131k hizmetlerinden e\u015fit ve etkin bir \u015fekilde faydalanabilmesi i\u00e7in kurum olarak \u00fczerimize d\u00fc\u015feni yapmaya haz\u0131r\u0131z. Sa\u011fl\u0131k \u00e7al\u0131\u015fanlar\u0131m\u0131z\u0131n otizm fark\u0131ndal\u0131\u011f\u0131n\u0131 art\u0131rmak i\u00e7in \u00e7e\u015fitli e\u011fitim programlar\u0131n\u0131 hayata ge\u00e7iriyoruz. Ayr\u0131ca, ailelerin ya\u015fad\u0131\u011f\u0131 zorluklar\u0131 sahadan \u00f6\u011frenerek daha \u00e7\u00f6z\u00fcm odakl\u0131 politikalar geli\u015ftirmeye gayret ediyoruz. Bu konuda Ulusal Otizm Konfederasyonu gibi alan\u0131nda uzman kurulu\u015flarla birlikte \u00e7al\u0131\u015fmak, bizler i\u00e7in de son derece k\u0131ymetlidir&#8221; ifadelerini kulland\u0131.<br \/>\n<br \/>Toplant\u0131da, otizmli bireylerin 112 acil hizmetlerinden nas\u0131l daha etkin yararlanabilece\u011fi, hastane ortamlar\u0131nda ya\u015fanan zorluklar\u0131n azalt\u0131lmas\u0131 i\u00e7in al\u0131nabilecek \u00f6nlemler ve yerel d\u00fczeyde fark\u0131ndal\u0131k art\u0131r\u0131c\u0131 sa\u011fl\u0131k kampanyalar\u0131 gibi bir\u00e7ok ba\u015fl\u0131k ele al\u0131nd\u0131. Ziyaret, kar\u015f\u0131l\u0131kl\u0131 iyi niyet temennileri ve ilerleyen s\u00fcre\u00e7te ortak projelerde bulu\u015fma kararl\u0131l\u0131\u011f\u0131yla sona erdi.<br \/><\/p>\n","protected":false},"excerpt":{"rendered":"<p>Afyonkarahisar\u2019da Ulusal Otizm Konfederasyonu Ba\u015fkan\u0131 Fatma Kilci Kavas ve y\u00f6netim kurulu \u00fcyeleri, \u0130l Sa\u011fl\u0131k M\u00fcd\u00fcr\u00fc Dr. Hakk\u0131 \u00d6zt\u00fcrk\u2019\u00fc makam\u0131nda ziyaret etti. Ziyaret \u00e7er\u00e7evesinde, otizmli bireylerin sa\u011fl\u0131k hizmetlerine eri\u015fimi, sa\u011fl\u0131k alan\u0131nda ya\u015fanan mevcut sorunlar ve \u00e7\u00f6z\u00fcm \u00f6nerileri ile kurumlar aras\u0131 i\u015f birli\u011finin g\u00fc\u00e7lendirilmesine y\u00f6nelik kapsaml\u0131 bir g\u00f6r\u00fc\u015f al\u0131\u015fveri\u015finde bulunuldu. Otizm alan\u0131nda y\u0131llard\u0131r sahada aktif olarak \u00e7al\u0131\u015fan&#8230;<\/p>\n","protected":false},"author":1,"featured_media":47738,"comment_status":"open","ping_status":"open","sticky":false,"template":"","format":"standard","meta":{"_crdt_document":"","footnotes":""},"categories":[2],"tags":[],"class_list":["post-47737","post","type-post","status-publish","format-standard","has-post-thumbnail","hentry","category-saglik"],"_links":{"self":[{"href":"https:\/\/www.egemtv.com\/index.php?rest_route=\/wp\/v2\/posts\/47737","targetHints":{"allow":["GET"]}}],"collection":[{"href":"https:\/\/www.egemtv.com\/index.php?rest_route=\/wp\/v2\/posts"}],"about":[{"href":"https:\/\/www.egemtv.com\/index.php?rest_route=\/wp\/v2\/types\/post"}],"author":[{"embeddable":true,"href":"https:\/\/www.egemtv.com\/index.php?rest_route=\/wp\/v2\/users\/1"}],"replies":[{"embeddable":true,"href":"https:\/\/www.egemtv.com\/index.php?rest_route=%2Fwp%2Fv2%2Fcomments&post=47737"}],"version-history":[{"count":1,"href":"https:\/\/www.egemtv.com\/index.php?rest_route=\/wp\/v2\/posts\/47737\/revisions"}],"predecessor-version":[{"id":47739,"href":"https:\/\/www.egemtv.com\/index.php?rest_route=\/wp\/v2\/posts\/47737\/revisions\/47739"}],"wp:featuredmedia":[{"embeddable":true,"href":"https:\/\/www.egemtv.com\/index.php?rest_route=\/wp\/v2\/media\/47738"}],"wp:attachment":[{"href":"https:\/\/www.egemtv.com\/index.php?rest_route=%2Fwp%2Fv2%2Fmedia&parent=47737"}],"wp:term":[{"taxonomy":"category","embeddable":true,"href":"https:\/\/www.egemtv.com\/index.php?rest_route=%2Fwp%2Fv2%2Fcategories&post=47737"},{"taxonomy":"post_tag","embeddable":true,"href":"https:\/\/www.egemtv.com\/index.php?rest_route=%2Fwp%2Fv2%2Ftags&post=47737"}],"curies":[{"name":"wp","href":"https:\/\/api.w.org\/{rel}","templated":true}]}}