{"id":47734,"date":"2025-08-09T14:36:27","date_gmt":"2025-08-09T11:36:27","guid":{"rendered":"https:\/\/www.egemtv.com\/?p=47734"},"modified":"2025-08-09T14:36:28","modified_gmt":"2025-08-09T11:36:28","slug":"afyonkarahisar-muhtarlar-dernegi-ile-anadolu-hac-ve-umre-turizm-arasinda-isbirligi","status":"publish","type":"post","link":"https:\/\/www.egemtv.com\/?p=47734","title":{"rendered":"Afyonkarahisar Muhtarlar Derne\u011fi ile Anadolu Hac ve Umre Turizm aras\u0131nda i\u015fbirli\u011fi"},"content":{"rendered":"<p>Afyonkarahisar Muhtarlar Derne\u011fi ile Anadolu Hac ve Umre Turizm aras\u0131nda indirim protokol\u00fc imzaland\u0131.<br \/>\n<br \/>Afyonkarahisar Muhtarlar Derne\u011fi, \u00fcyelerine y\u00f6nelik avantajlar sunmaya devam ediyor. Bu \u00e7er\u00e7evede, dernek ile Anadolu Hac ve Umre Turizm aras\u0131nda \u00f6zel bir protokol imzaland\u0131. Protokol ile dernek \u00fcyeleri, hac ve umre organizasyonlar\u0131 ba\u015fta olmak \u00fczere bir\u00e7ok turizm hizmetinden indirimli ve kolayla\u015ft\u0131r\u0131lm\u0131\u015f \u015fartlarda faydalanabilece\u011fi belirtildi. Protokol ile ilgili belirli d\u00f6nemlerde bilgilendirme toplant\u0131lar\u0131 ve organizasyon tan\u0131t\u0131mlar\u0131 yap\u0131laca\u011f\u0131 ifade edildi. Yap\u0131lan i\u015f birli\u011fiyle, muhtarlar ve aileleri i\u00e7in kutsal topraklara yap\u0131lacak seyahatlerde hem ekonomik hem de g\u00fcvenli bir hizmet anlay\u0131\u015f\u0131 sunulmas\u0131n\u0131n hedeflendi\u011fi vurguland\u0131.<br \/>\n<br \/>\u0130mza t\u00f6reninde konu\u015fan Afyonkarahisar Muhtarlar Derne\u011fi Ba\u015fkan\u0131 Suat Uygur, \u00fcyelerine fayda sa\u011flayacak bu t\u00fcr anla\u015fmalar\u0131n \u00f6nemine dikkat \u00e7ekerek Anadolu Hac ve Umre Turizm yetkililerine te\u015fekk\u00fcr etti. Anadolu Hac ve Umre Turizm temsilcileri ise, b\u00f6ylesi anlaml\u0131 bir i\u015f birli\u011finde yer almaktan memnuniyet duyduklar\u0131n\u0131 belirtti.<br \/><\/p>\n","protected":false},"excerpt":{"rendered":"<p>Afyonkarahisar Muhtarlar Derne\u011fi ile Anadolu Hac ve Umre Turizm aras\u0131nda indirim protokol\u00fc imzaland\u0131. Afyonkarahisar Muhtarlar Derne\u011fi, \u00fcyelerine y\u00f6nelik avantajlar sunmaya devam ediyor. Bu \u00e7er\u00e7evede, dernek ile Anadolu Hac ve Umre Turizm aras\u0131nda \u00f6zel bir protokol imzaland\u0131. Protokol ile dernek \u00fcyeleri, hac ve umre organizasyonlar\u0131 ba\u015fta olmak \u00fczere bir\u00e7ok turizm hizmetinden indirimli ve kolayla\u015ft\u0131r\u0131lm\u0131\u015f \u015fartlarda faydalanabilece\u011fi&#8230;<\/p>\n","protected":false},"author":1,"featured_media":47735,"comment_status":"open","ping_status":"open","sticky":false,"template":"","format":"standard","meta":{"_crdt_document":"","footnotes":""},"categories":[123],"tags":[],"class_list":["post-47734","post","type-post","status-publish","format-standard","has-post-thumbnail","hentry","category-gundem"],"_links":{"self":[{"href":"https:\/\/www.egemtv.com\/index.php?rest_route=\/wp\/v2\/posts\/47734","targetHints":{"allow":["GET"]}}],"collection":[{"href":"https:\/\/www.egemtv.com\/index.php?rest_route=\/wp\/v2\/posts"}],"about":[{"href":"https:\/\/www.egemtv.com\/index.php?rest_route=\/wp\/v2\/types\/post"}],"author":[{"embeddable":true,"href":"https:\/\/www.egemtv.com\/index.php?rest_route=\/wp\/v2\/users\/1"}],"replies":[{"embeddable":true,"href":"https:\/\/www.egemtv.com\/index.php?rest_route=%2Fwp%2Fv2%2Fcomments&post=47734"}],"version-history":[{"count":1,"href":"https:\/\/www.egemtv.com\/index.php?rest_route=\/wp\/v2\/posts\/47734\/revisions"}],"predecessor-version":[{"id":47736,"href":"https:\/\/www.egemtv.com\/index.php?rest_route=\/wp\/v2\/posts\/47734\/revisions\/47736"}],"wp:featuredmedia":[{"embeddable":true,"href":"https:\/\/www.egemtv.com\/index.php?rest_route=\/wp\/v2\/media\/47735"}],"wp:attachment":[{"href":"https:\/\/www.egemtv.com\/index.php?rest_route=%2Fwp%2Fv2%2Fmedia&parent=47734"}],"wp:term":[{"taxonomy":"category","embeddable":true,"href":"https:\/\/www.egemtv.com\/index.php?rest_route=%2Fwp%2Fv2%2Fcategories&post=47734"},{"taxonomy":"post_tag","embeddable":true,"href":"https:\/\/www.egemtv.com\/index.php?rest_route=%2Fwp%2Fv2%2Ftags&post=47734"}],"curies":[{"name":"wp","href":"https:\/\/api.w.org\/{rel}","templated":true}]}}