{"id":47728,"date":"2025-08-09T14:15:17","date_gmt":"2025-08-09T11:15:17","guid":{"rendered":"https:\/\/www.egemtv.com\/?p=47728"},"modified":"2025-08-09T14:15:18","modified_gmt":"2025-08-09T11:15:18","slug":"mugla-buyuksehir-okuma-kulturunu-yayginlastiriyor","status":"publish","type":"post","link":"https:\/\/www.egemtv.com\/?p=47728","title":{"rendered":"Mu\u011fla B\u00fcy\u00fck\u015fehir okuma k\u00fclt\u00fcr\u00fcn\u00fc yayg\u0131nla\u015ft\u0131r\u0131yor"},"content":{"rendered":"<p>Mu\u011fla B\u00fcy\u00fck\u015fehir Belediyesi, k\u00fct\u00fcphaneleri ile k\u00fclt\u00fcr, sanat ve e\u011fitim alan\u0131nda vatanda\u015flar\u0131n ihtiya\u00e7lar\u0131na kesintisiz destek vermeye devam ediyor. B\u00fcy\u00fck\u015fehir Belediyesi\u2019nin T\u00fcrkan Saylan \u00c7a\u011fda\u015f Ya\u015fam Merkezi i\u00e7inde bulunan k\u00fct\u00fcphaneleri, bug\u00fcne kadar 330 bin 215 ki\u015fiyi a\u011f\u0131rlarken k\u00fct\u00fcphanelerden toplam 113 bin 468 kitap \u00f6d\u00fcn\u00e7 al\u0131nd\u0131.<br \/>\n<br \/>38 Bin Yaz\u0131l\u0131 Esere Ev Sahipli\u011fi Yap\u0131yor<br \/>\n<br \/>Mu\u011fla B\u00fcy\u00fck\u015fehir Belediyesi b\u00fcnyesindeki \u00c7ocuk K\u00fct\u00fcphanesi, \u00dcnal T\u00fcrke\u015f Mu\u011fla Tarih Kitapl\u0131\u011f\u0131 ve Oktay Akbal Edebiyat K\u00fct\u00fcphanesi, 38 bin yaz\u0131l\u0131 esere ev sahipli\u011fi yap\u0131yor. Aktif kay\u0131tl\u0131 \u00fcye say\u0131s\u0131 6 bin 548 olan k\u00fct\u00fcphanelerde, sessiz \u00e7al\u0131\u015fma salonu da yo\u011fun ilgi g\u00f6r\u00fcyor. Sessiz \u00e7al\u0131\u015fma salonunu kullanan ki\u015fi say\u0131s\u0131 ise 52 bin 210\u2019a ula\u015ft\u0131.<br \/>\n<br \/>\u0130rfan Akalp: &#8220;Kitaplar\u0131mdan birini bu k\u00fct\u00fcphanede yazm\u0131\u015ft\u0131m&#8221;<br \/>\n<br \/>K\u00fct\u00fcphanelerden \u00e7ok memnun oldu\u011funu s\u00f6yleyen k\u00fct\u00fcphane kullan\u0131c\u0131s\u0131 \u0130rfan Akalp, &#8220;B\u00fcy\u00fck\u015fehir Belediyemizin k\u00fct\u00fcphanelerini s\u0131k s\u0131k ziyaret ediyorum. \u00c7o\u011fu vaktimi burada ge\u00e7iriyorum. Ayl\u0131k okuma grubuna da kat\u0131l\u0131yorum. Her ay bir kitap okuyarak o ay\u0131n kitab\u0131n\u0131 de\u011ferlendiriyoruz. Bu okuma gruplar\u0131n\u0131n edebiyat\u0131 ayakta tuttu\u011funa inan\u0131yorum. Herkesi B\u00fcy\u00fck\u015fehir Belediyesi\u2019nin k\u00fct\u00fcphanelerine davet ediyorum. Okumayan insan eksik kalm\u0131\u015f bir insand\u0131r. Okuyarak ilerleyebiliriz. Benim yazd\u0131\u011f\u0131m 2 kitab\u0131m var. Kitaplar\u0131mdan birini bu k\u00fct\u00fcphanede yazm\u0131\u015ft\u0131m&#8221; dedi.<br \/>\n<br \/>\u00d6\u011frenci Saliha G\u00f6kmen, &#8220;Lise \u00f6\u011frencisiyim ve s\u0131navlara burada haz\u0131rlan\u0131yorum. Genel olarak k\u00fct\u00fcphaneden memnunum. Kitaplardan ve ders \u00e7al\u0131\u015fma alanlar\u0131ndan faydalan\u0131yorum. Mu\u011fla B\u00fcy\u00fck\u015fehir Belediye Ba\u015fkan\u0131m\u0131z Ahmet Aras\u2019a bu ortam\u0131 bize sa\u011flad\u0131\u011f\u0131 i\u00e7in te\u015fekk\u00fcr ediyorum&#8221; ifadelerini kulland\u0131.<br \/>\n<br \/>Avukat Eda K\u00fcr\u00fcm, &#8220;4,5 ya\u015f\u0131nda bir \u00e7ocu\u011fum var. Biz Belediyemizin kre\u015flerini kullan\u0131yoruz. Kre\u015ften \u00e7\u0131k\u0131nca \u00e7ocuk k\u00fct\u00fcphanesinden kitap al\u0131yoruz. \u00c7ocuklara kitap okuma al\u0131\u015fkanl\u0131\u011f\u0131 kazand\u0131rmak i\u00e7in b\u00f6yle bir yerin olmas\u0131 \u00e7ok g\u00fczel. Ayn\u0131 zamanda sorumluluk bilinci de a\u015f\u0131lanm\u0131\u015f oluyor. Belirli g\u00fcnlerde d\u00fczenlenen etkinliklere de kat\u0131l\u0131yoruz. K\u00fct\u00fcphanede \u00e7al\u0131\u015fan arkada\u015flar her zaman bize yard\u0131mc\u0131 oluyor. Herkese te\u015fekk\u00fcr ediyorum.&#8221; dedi.<br \/>\n<br \/>Ba\u015fkan Aras: &#8220;k\u00fct\u00fcphanelerimiz umutla, bilgiyle ve gelecekle dolu alanlard\u0131r&#8221;<br \/>\n<br \/>K\u0131y\u0131 Ege Belediyeler Birli\u011fi ve Mu\u011fla B\u00fcy\u00fck\u015fehir Belediye Ba\u015fkan\u0131 Ahmet Aras, &#8220;Bilgiye eri\u015fimin bir ayr\u0131cal\u0131k de\u011fil, herkes i\u00e7in temel bir hak oldu\u011funa inan\u0131yoruz. Bu anlay\u0131\u015fla, B\u00fcy\u00fck\u015fehir Belediyesi olarak \u00e7ocuklar\u0131m\u0131zdan gen\u00e7lerimize, \u00fcniversite \u00f6\u011frencilerimizden \u00f6\u011fretmenlerimize, esnaflar\u0131m\u0131zdan yazarlar\u0131m\u0131za kadar her ya\u015ftan ve her kesimden vatanda\u015f\u0131m\u0131za a\u00e7\u0131k, eri\u015filebilir, \u00e7a\u011fda\u015f k\u00fct\u00fcphane ortamlar\u0131 sunmaya gayret ediyoruz. T\u00fcrkan Saylan \u00c7a\u011fda\u015f Ya\u015fam Merkezi\u2019nde yer alan k\u00fct\u00fcphanelerimiz, sadece kitaplarla de\u011fil; umutla, bilgiyle ve gelecekle dolu alanlard\u0131r.<br \/>\n<br \/>Burada bir \u00e7ocu\u011fun ilk kez kitapla tan\u0131\u015fmas\u0131na, bir \u00f6\u011frencinin s\u0131nav\u0131na haz\u0131rlanmas\u0131na, bir yazar\u0131n yeni eserini \u00fcretmesine \u015fahit olmak bizim i\u00e7in \u00e7ok k\u0131ymetli. Kitap okuma k\u00fclt\u00fcr\u00fcn\u00fc b\u00fcy\u00fctmek, bilgiyi \u00e7o\u011faltmak ve daha ayd\u0131nl\u0131k bir Mu\u011fla i\u00e7in \u00e7al\u0131\u015fmalar\u0131m\u0131za aral\u0131ks\u0131z devam edece\u011fiz&#8221; dedi.<br \/><\/p>\n","protected":false},"excerpt":{"rendered":"<p>Mu\u011fla B\u00fcy\u00fck\u015fehir Belediyesi, k\u00fct\u00fcphaneleri ile k\u00fclt\u00fcr, sanat ve e\u011fitim alan\u0131nda vatanda\u015flar\u0131n ihtiya\u00e7lar\u0131na kesintisiz destek vermeye devam ediyor. B\u00fcy\u00fck\u015fehir Belediyesi\u2019nin T\u00fcrkan Saylan \u00c7a\u011fda\u015f Ya\u015fam Merkezi i\u00e7inde bulunan k\u00fct\u00fcphaneleri, bug\u00fcne kadar 330 bin 215 ki\u015fiyi a\u011f\u0131rlarken k\u00fct\u00fcphanelerden toplam 113 bin 468 kitap \u00f6d\u00fcn\u00e7 al\u0131nd\u0131. 38 Bin Yaz\u0131l\u0131 Esere Ev Sahipli\u011fi Yap\u0131yor Mu\u011fla B\u00fcy\u00fck\u015fehir Belediyesi b\u00fcnyesindeki \u00c7ocuk K\u00fct\u00fcphanesi,&#8230;<\/p>\n","protected":false},"author":1,"featured_media":47729,"comment_status":"open","ping_status":"open","sticky":false,"template":"","format":"standard","meta":{"_crdt_document":"","footnotes":""},"categories":[1],"tags":[],"class_list":["post-47728","post","type-post","status-publish","format-standard","has-post-thumbnail","hentry","category-guncel"],"_links":{"self":[{"href":"https:\/\/www.egemtv.com\/index.php?rest_route=\/wp\/v2\/posts\/47728","targetHints":{"allow":["GET"]}}],"collection":[{"href":"https:\/\/www.egemtv.com\/index.php?rest_route=\/wp\/v2\/posts"}],"about":[{"href":"https:\/\/www.egemtv.com\/index.php?rest_route=\/wp\/v2\/types\/post"}],"author":[{"embeddable":true,"href":"https:\/\/www.egemtv.com\/index.php?rest_route=\/wp\/v2\/users\/1"}],"replies":[{"embeddable":true,"href":"https:\/\/www.egemtv.com\/index.php?rest_route=%2Fwp%2Fv2%2Fcomments&post=47728"}],"version-history":[{"count":1,"href":"https:\/\/www.egemtv.com\/index.php?rest_route=\/wp\/v2\/posts\/47728\/revisions"}],"predecessor-version":[{"id":47730,"href":"https:\/\/www.egemtv.com\/index.php?rest_route=\/wp\/v2\/posts\/47728\/revisions\/47730"}],"wp:featuredmedia":[{"embeddable":true,"href":"https:\/\/www.egemtv.com\/index.php?rest_route=\/wp\/v2\/media\/47729"}],"wp:attachment":[{"href":"https:\/\/www.egemtv.com\/index.php?rest_route=%2Fwp%2Fv2%2Fmedia&parent=47728"}],"wp:term":[{"taxonomy":"category","embeddable":true,"href":"https:\/\/www.egemtv.com\/index.php?rest_route=%2Fwp%2Fv2%2Fcategories&post=47728"},{"taxonomy":"post_tag","embeddable":true,"href":"https:\/\/www.egemtv.com\/index.php?rest_route=%2Fwp%2Fv2%2Ftags&post=47728"}],"curies":[{"name":"wp","href":"https:\/\/api.w.org\/{rel}","templated":true}]}}