{"id":47725,"date":"2025-08-09T13:56:41","date_gmt":"2025-08-09T10:56:41","guid":{"rendered":"https:\/\/www.egemtv.com\/?p=47725"},"modified":"2025-08-09T13:56:42","modified_gmt":"2025-08-09T10:56:42","slug":"sokenin-latmos-daglari-degirmen-bogazinda-yangin-alarmi","status":"publish","type":"post","link":"https:\/\/www.egemtv.com\/?p=47725","title":{"rendered":"S\u00f6ke\u2019nin Latmos Da\u011flar\u0131 De\u011firmen Bo\u011faz\u0131\u2019nda yang\u0131n alarm\u0131"},"content":{"rendered":"<p>Ayd\u0131n\u2019\u0131n S\u00f6ke il\u00e7esine ba\u011fl\u0131 \u00c7avdar Mahallesi\u2019nde, &#8220;De\u011firmen Bo\u011faz\u0131&#8221; mevkiinde hen\u00fcz belirlenemeyen bir nedenle yang\u0131n \u00e7\u0131kt\u0131. B\u00f6lgeden y\u00fckselen dumanlar\u0131 fark eden vatanda\u015flar\u0131n ihbar\u0131 \u00fczerine, S\u00f6ke Orman \u0130\u015fletme M\u00fcd\u00fcrl\u00fc\u011f\u00fc ekipleri ba\u015fta olmak \u00fczere \u00e7ok say\u0131da itfaiye arac\u0131 ve yang\u0131n s\u00f6nd\u00fcrme ekibi olay yerine sevk edildi.<br \/>\n<br \/>R\u00fczgar\u0131n etkisiyle yang\u0131n\u0131n k\u0131sa s\u00fcrede b\u00fcy\u00fcme riskine kar\u015f\u0131 g\u00fcvenlik \u00f6nlemleri art\u0131r\u0131l\u0131rken, ekipler hem karadan hem de havadan yo\u011fun bir m\u00fcdahale ba\u015flatt\u0131. Yang\u0131n\u0131 kontrol alt\u0131na almak i\u00e7in \u00e7al\u0131\u015fmalar s\u00fcr\u00fcyor.<br \/><\/p>\n","protected":false},"excerpt":{"rendered":"<p>Ayd\u0131n\u2019\u0131n S\u00f6ke il\u00e7esine ba\u011fl\u0131 \u00c7avdar Mahallesi\u2019nde, &#8220;De\u011firmen Bo\u011faz\u0131&#8221; mevkiinde hen\u00fcz belirlenemeyen bir nedenle yang\u0131n \u00e7\u0131kt\u0131. B\u00f6lgeden y\u00fckselen dumanlar\u0131 fark eden vatanda\u015flar\u0131n ihbar\u0131 \u00fczerine, S\u00f6ke Orman \u0130\u015fletme M\u00fcd\u00fcrl\u00fc\u011f\u00fc ekipleri ba\u015fta olmak \u00fczere \u00e7ok say\u0131da itfaiye arac\u0131 ve yang\u0131n s\u00f6nd\u00fcrme ekibi olay yerine sevk edildi. R\u00fczgar\u0131n etkisiyle yang\u0131n\u0131n k\u0131sa s\u00fcrede b\u00fcy\u00fcme riskine kar\u015f\u0131 g\u00fcvenlik \u00f6nlemleri art\u0131r\u0131l\u0131rken, ekipler&#8230;<\/p>\n","protected":false},"author":1,"featured_media":47726,"comment_status":"open","ping_status":"open","sticky":false,"template":"","format":"standard","meta":{"_crdt_document":"","footnotes":""},"categories":[5],"tags":[],"class_list":["post-47725","post","type-post","status-publish","format-standard","has-post-thumbnail","hentry","category-asayis"],"_links":{"self":[{"href":"https:\/\/www.egemtv.com\/index.php?rest_route=\/wp\/v2\/posts\/47725","targetHints":{"allow":["GET"]}}],"collection":[{"href":"https:\/\/www.egemtv.com\/index.php?rest_route=\/wp\/v2\/posts"}],"about":[{"href":"https:\/\/www.egemtv.com\/index.php?rest_route=\/wp\/v2\/types\/post"}],"author":[{"embeddable":true,"href":"https:\/\/www.egemtv.com\/index.php?rest_route=\/wp\/v2\/users\/1"}],"replies":[{"embeddable":true,"href":"https:\/\/www.egemtv.com\/index.php?rest_route=%2Fwp%2Fv2%2Fcomments&post=47725"}],"version-history":[{"count":1,"href":"https:\/\/www.egemtv.com\/index.php?rest_route=\/wp\/v2\/posts\/47725\/revisions"}],"predecessor-version":[{"id":47727,"href":"https:\/\/www.egemtv.com\/index.php?rest_route=\/wp\/v2\/posts\/47725\/revisions\/47727"}],"wp:featuredmedia":[{"embeddable":true,"href":"https:\/\/www.egemtv.com\/index.php?rest_route=\/wp\/v2\/media\/47726"}],"wp:attachment":[{"href":"https:\/\/www.egemtv.com\/index.php?rest_route=%2Fwp%2Fv2%2Fmedia&parent=47725"}],"wp:term":[{"taxonomy":"category","embeddable":true,"href":"https:\/\/www.egemtv.com\/index.php?rest_route=%2Fwp%2Fv2%2Fcategories&post=47725"},{"taxonomy":"post_tag","embeddable":true,"href":"https:\/\/www.egemtv.com\/index.php?rest_route=%2Fwp%2Fv2%2Ftags&post=47725"}],"curies":[{"name":"wp","href":"https:\/\/api.w.org\/{rel}","templated":true}]}}