{"id":47722,"date":"2025-08-09T13:56:40","date_gmt":"2025-08-09T10:56:40","guid":{"rendered":"https:\/\/www.egemtv.com\/?p=47722"},"modified":"2025-08-09T13:56:40","modified_gmt":"2025-08-09T10:56:40","slug":"sokede-cevreyi-kirletenlere-af-yok","status":"publish","type":"post","link":"https:\/\/www.egemtv.com\/?p=47722","title":{"rendered":"S\u00f6ke\u2019de \u00e7evreyi kirletenlere af yok"},"content":{"rendered":"<p>S\u00f6ke Belediyesi Zab\u0131ta M\u00fcd\u00fcrl\u00fc\u011f\u00fc b\u00fcnyesinde g\u00f6rev yapan &#8220;\u00c7evre Koruma Ekibi&#8221; son bir ayda yapt\u0131\u011f\u0131 s\u0131k\u0131 denetimlerle \u00e7evreyi kirletenlere ge\u00e7it vermedi. Geli\u015fig\u00fczel moloz ve at\u0131k d\u00f6ken, kent merkezinde \u00e7\u00f6p konteyneri yan\u0131na veya geri d\u00f6n\u00fc\u015f\u00fcm kutular\u0131na at\u0131klar\u0131n\u0131 b\u0131rakan, konteyner i\u00e7lerine evsel at\u0131k d\u0131\u015f\u0131nda insana ve do\u011faya zararl\u0131 maddeler atan ki\u015filer tespit ediliyor. Son bir ayl\u0131k uygulamalarda toplam 300 bin TL\u2019yi bulan cezai i\u015flem uyguland\u0131.<\/p>\n<p>\u0130l\u00e7enin farkl\u0131 noktalar\u0131na ka\u00e7ak d\u00f6k\u00fcm yapan ki\u015fi ve i\u015fletmeler, g\u00fcvenlik kameralar\u0131 sayesinde tek tek tespit edildi. Elde edilen g\u00f6r\u00fcnt\u00fcler do\u011frultusunda 5326 say\u0131l\u0131 Kabahatler Kanunu\u2019nun 41. maddesine g\u00f6re idari cezalar kesilirken, baz\u0131 vakalar i\u00e7in T\u00fcrk Ceza Kanunu\u2019nun 181. maddesi kapsam\u0131nda adli i\u015flemler de ba\u015flat\u0131ld\u0131.<\/p>\n<p>Hem \u00e7evre sa\u011fl\u0131\u011f\u0131na hem de kentin esteti\u011fine ciddi zarar veren at\u0131k ve moloz d\u00f6k\u00fcmlerinin \u00f6n\u00fcne ge\u00e7mekte kararl\u0131 olan S\u00f6ke Belediyesi taraf\u0131ndan yap\u0131lan a\u00e7\u0131klamada, &#8220;\u00c7evreyi kirleten her kim olursa olsun cezai i\u015flem uygulanacak. Denetimler artarak s\u00fcrecek. Vatanda\u015flar\u0131m\u0131zdan \u00e7evre kirlili\u011fine kar\u015f\u0131 daha duyarl\u0131 olmalar\u0131n\u0131, ka\u00e7ak d\u00f6k\u00fcmler veya benzer durumlar\u0131n g\u00f6r\u00fclmesi halinde belediyenin ihbar hatt\u0131na bildirilmesini rica ediyoruz&#8221; ifadeleri yer ald\u0131.<br \/><\/p>\n","protected":false},"excerpt":{"rendered":"<p>S\u00f6ke Belediyesi Zab\u0131ta M\u00fcd\u00fcrl\u00fc\u011f\u00fc b\u00fcnyesinde g\u00f6rev yapan &#8220;\u00c7evre Koruma Ekibi&#8221; son bir ayda yapt\u0131\u011f\u0131 s\u0131k\u0131 denetimlerle \u00e7evreyi kirletenlere ge\u00e7it vermedi. Geli\u015fig\u00fczel moloz ve at\u0131k d\u00f6ken, kent merkezinde \u00e7\u00f6p konteyneri yan\u0131na veya geri d\u00f6n\u00fc\u015f\u00fcm kutular\u0131na at\u0131klar\u0131n\u0131 b\u0131rakan, konteyner i\u00e7lerine evsel at\u0131k d\u0131\u015f\u0131nda insana ve do\u011faya zararl\u0131 maddeler atan ki\u015filer tespit ediliyor. Son bir ayl\u0131k uygulamalarda toplam&#8230;<\/p>\n","protected":false},"author":1,"featured_media":47723,"comment_status":"open","ping_status":"open","sticky":false,"template":"","format":"standard","meta":{"_crdt_document":"","footnotes":""},"categories":[1],"tags":[],"class_list":["post-47722","post","type-post","status-publish","format-standard","has-post-thumbnail","hentry","category-guncel"],"_links":{"self":[{"href":"https:\/\/www.egemtv.com\/index.php?rest_route=\/wp\/v2\/posts\/47722","targetHints":{"allow":["GET"]}}],"collection":[{"href":"https:\/\/www.egemtv.com\/index.php?rest_route=\/wp\/v2\/posts"}],"about":[{"href":"https:\/\/www.egemtv.com\/index.php?rest_route=\/wp\/v2\/types\/post"}],"author":[{"embeddable":true,"href":"https:\/\/www.egemtv.com\/index.php?rest_route=\/wp\/v2\/users\/1"}],"replies":[{"embeddable":true,"href":"https:\/\/www.egemtv.com\/index.php?rest_route=%2Fwp%2Fv2%2Fcomments&post=47722"}],"version-history":[{"count":1,"href":"https:\/\/www.egemtv.com\/index.php?rest_route=\/wp\/v2\/posts\/47722\/revisions"}],"predecessor-version":[{"id":47724,"href":"https:\/\/www.egemtv.com\/index.php?rest_route=\/wp\/v2\/posts\/47722\/revisions\/47724"}],"wp:featuredmedia":[{"embeddable":true,"href":"https:\/\/www.egemtv.com\/index.php?rest_route=\/wp\/v2\/media\/47723"}],"wp:attachment":[{"href":"https:\/\/www.egemtv.com\/index.php?rest_route=%2Fwp%2Fv2%2Fmedia&parent=47722"}],"wp:term":[{"taxonomy":"category","embeddable":true,"href":"https:\/\/www.egemtv.com\/index.php?rest_route=%2Fwp%2Fv2%2Fcategories&post=47722"},{"taxonomy":"post_tag","embeddable":true,"href":"https:\/\/www.egemtv.com\/index.php?rest_route=%2Fwp%2Fv2%2Ftags&post=47722"}],"curies":[{"name":"wp","href":"https:\/\/api.w.org\/{rel}","templated":true}]}}