{"id":47716,"date":"2025-08-09T13:34:50","date_gmt":"2025-08-09T10:34:50","guid":{"rendered":"https:\/\/www.egemtv.com\/?p=47716"},"modified":"2025-08-09T13:34:51","modified_gmt":"2025-08-09T10:34:51","slug":"bodrumda-saglik-icin-kulac-attilar","status":"publish","type":"post","link":"https:\/\/www.egemtv.com\/?p=47716","title":{"rendered":"Bodrum\u2019da sa\u011fl\u0131k i\u00e7in kula\u00e7 att\u0131lar"},"content":{"rendered":"<p>Memorial Sa\u011fl\u0131k Grubu ile T\u00fcrkiye Y\u00fczme Federasyonu i\u015f birli\u011finde d\u00fczenlenen &#8220;Bodrum\u2019da Sa\u011fl\u0131\u011fa Kula\u00e7 At&#8221; etkinli\u011fi, Bodrum Kumbah\u00e7e Mahfel Plaj\u0131\u2019nda yo\u011fun kat\u0131l\u0131mla ger\u00e7ekle\u015ftirildi. Etkinlikte, milli a\u00e7\u0131k su y\u00fcz\u00fcc\u00fcleri, Memorial doktorlar\u0131, \u00e7al\u0131\u015fanlar\u0131 ve Bodrum\u2019un profesyonel y\u00fcz\u00fcc\u00fcleri sa\u011fl\u0131kl\u0131 ya\u015fam i\u00e7in denize kula\u00e7 att\u0131.<br \/>\n<br \/>Sa\u011fl\u0131kl\u0131 ya\u015fam bilincini art\u0131rmak, hareketli ya\u015fam\u0131 te\u015fvik etmek ve sporu ya\u015fam\u0131n bir par\u00e7as\u0131 haline getirmek amac\u0131yla hayata ge\u00e7irilen etkinlikte, T\u00fcrkiye Y\u00fczme Federasyonu Milli Tak\u0131m A\u00e7\u0131k Su Y\u00fcz\u00fcc\u00fcleri de yer ald\u0131. Sabah\u0131n erken saatlerinde ba\u015flayan organizasyon, keyifli ve enerjik bir atmosferde tamamland\u0131.<br \/>\n<br \/>&#8220;Sa\u011fl\u0131k al\u0131\u015fkanl\u0131klarla korunur&#8221;<br \/>\n<br \/>Memorial Sa\u011fl\u0131k Grubu CEO\u2019su Bora Ulud\u00fcz, etkinli\u011fin toplumda y\u00fczme sporunun yayg\u0131nla\u015fmas\u0131 a\u00e7\u0131s\u0131ndan \u00f6nemli oldu\u011funu belirterek, &#8220;Sa\u011fl\u0131k yaln\u0131zca tedaviyle de\u011fil, sa\u011fl\u0131kl\u0131 ya\u015fam al\u0131\u015fkanl\u0131klar\u0131n\u0131n yayg\u0131nla\u015fmas\u0131yla korunur. T\u00fcrkiye Y\u00fczme Federasyonu ile hayata ge\u00e7irdi\u011fimiz i\u015f birli\u011fi sayesinde y\u00fczme sporunu destekliyor, sporcular\u0131m\u0131za sa\u011fl\u0131k g\u00fcvencesi sunuyoruz&#8221; dedi.<br \/>\n<br \/>Federasyondan te\u015fekk\u00fcr<br \/>\n<br \/>T\u00fcrkiye Y\u00fczme Federasyonu Genel Sekreteri Se\u00e7kin Renklibay ise Memorial\u2019\u0131n y\u00fczme bran\u015f\u0131na verdi\u011fi deste\u011fin \u00f6nemine de\u011finerek, &#8220;Y\u00fczme sporunu yayg\u0131nla\u015ft\u0131rmak, \u00fclkemizi uluslararas\u0131 alanda ba\u015far\u0131yla temsil etmek i\u00e7in \u00e7al\u0131\u015f\u0131yoruz. Bodrum\u2019daki bu organizasyon, federasyonumuzun sosyal sorumluluk misyonuna g\u00fc\u00e7l\u00fc bir katk\u0131 sa\u011flad\u0131&#8221; diye konu\u015ftu.<br \/>\n<br \/>Milli sporcular S\u00fcmeyye Boyac\u0131, Aysu T\u00fcrko\u011flu ve Selin T\u00fcrkmen\u2019in de yer ald\u0131\u011f\u0131 etkinlik, Bodrum halk\u0131ndan yo\u011fun ilgi g\u00f6rd\u00fc. Memorial\u2019\u0131n farkl\u0131 \u015fehirlerde de benzer etkinlikler d\u00fczenlemeyi planlad\u0131\u011f\u0131 bildirildi.<br \/><\/p>\n","protected":false},"excerpt":{"rendered":"<p>Memorial Sa\u011fl\u0131k Grubu ile T\u00fcrkiye Y\u00fczme Federasyonu i\u015f birli\u011finde d\u00fczenlenen &#8220;Bodrum\u2019da Sa\u011fl\u0131\u011fa Kula\u00e7 At&#8221; etkinli\u011fi, Bodrum Kumbah\u00e7e Mahfel Plaj\u0131\u2019nda yo\u011fun kat\u0131l\u0131mla ger\u00e7ekle\u015ftirildi. Etkinlikte, milli a\u00e7\u0131k su y\u00fcz\u00fcc\u00fcleri, Memorial doktorlar\u0131, \u00e7al\u0131\u015fanlar\u0131 ve Bodrum\u2019un profesyonel y\u00fcz\u00fcc\u00fcleri sa\u011fl\u0131kl\u0131 ya\u015fam i\u00e7in denize kula\u00e7 att\u0131. Sa\u011fl\u0131kl\u0131 ya\u015fam bilincini art\u0131rmak, hareketli ya\u015fam\u0131 te\u015fvik etmek ve sporu ya\u015fam\u0131n bir par\u00e7as\u0131 haline getirmek&#8230;<\/p>\n","protected":false},"author":1,"featured_media":47717,"comment_status":"open","ping_status":"open","sticky":false,"template":"","format":"standard","meta":{"_crdt_document":"","footnotes":""},"categories":[4],"tags":[],"class_list":["post-47716","post","type-post","status-publish","format-standard","has-post-thumbnail","hentry","category-spor"],"_links":{"self":[{"href":"https:\/\/www.egemtv.com\/index.php?rest_route=\/wp\/v2\/posts\/47716","targetHints":{"allow":["GET"]}}],"collection":[{"href":"https:\/\/www.egemtv.com\/index.php?rest_route=\/wp\/v2\/posts"}],"about":[{"href":"https:\/\/www.egemtv.com\/index.php?rest_route=\/wp\/v2\/types\/post"}],"author":[{"embeddable":true,"href":"https:\/\/www.egemtv.com\/index.php?rest_route=\/wp\/v2\/users\/1"}],"replies":[{"embeddable":true,"href":"https:\/\/www.egemtv.com\/index.php?rest_route=%2Fwp%2Fv2%2Fcomments&post=47716"}],"version-history":[{"count":1,"href":"https:\/\/www.egemtv.com\/index.php?rest_route=\/wp\/v2\/posts\/47716\/revisions"}],"predecessor-version":[{"id":47718,"href":"https:\/\/www.egemtv.com\/index.php?rest_route=\/wp\/v2\/posts\/47716\/revisions\/47718"}],"wp:featuredmedia":[{"embeddable":true,"href":"https:\/\/www.egemtv.com\/index.php?rest_route=\/wp\/v2\/media\/47717"}],"wp:attachment":[{"href":"https:\/\/www.egemtv.com\/index.php?rest_route=%2Fwp%2Fv2%2Fmedia&parent=47716"}],"wp:term":[{"taxonomy":"category","embeddable":true,"href":"https:\/\/www.egemtv.com\/index.php?rest_route=%2Fwp%2Fv2%2Fcategories&post=47716"},{"taxonomy":"post_tag","embeddable":true,"href":"https:\/\/www.egemtv.com\/index.php?rest_route=%2Fwp%2Fv2%2Ftags&post=47716"}],"curies":[{"name":"wp","href":"https:\/\/api.w.org\/{rel}","templated":true}]}}