{"id":47713,"date":"2025-08-09T13:34:49","date_gmt":"2025-08-09T10:34:49","guid":{"rendered":"https:\/\/www.egemtv.com\/?p=47713"},"modified":"2025-08-09T13:34:50","modified_gmt":"2025-08-09T10:34:50","slug":"bodrum-sokaklari-mavi-ve-beyaza-boyaniyor","status":"publish","type":"post","link":"https:\/\/www.egemtv.com\/?p=47713","title":{"rendered":"Bodrum sokaklar\u0131 mavi ve beyaza boyan\u0131yor"},"content":{"rendered":"<p>Belediye ekipleri, kent esteti\u011fine katk\u0131 sa\u011flamak ve toplumsal fark\u0131ndal\u0131k olu\u015fturmak amac\u0131yla Bodrum\u2019da &#8220;Fark\u0131ndal\u0131k Sokaklar\u0131&#8221; olu\u015fturuyor. Bodrum\u2019un simgesi haline gelen mavi ve beyaz, kentin \u00e7e\u015fitli noktalar\u0131na uygulan\u0131yor.<br \/>\n<br \/>Bodrum\u2019un \u00f6zg\u00fcn mimari dokusuna uyumlu olarak G\u00fcmbet Ayaz Caddesi ile Erguvan Sokak\u2019\u0131 birbirine ba\u011flayan merdivenlerde ba\u015flat\u0131lan \u00e7al\u0131\u015fmalar, Kumbah\u00e7e Mahallesi\u2019nde devam etti. Destek Hizmetleri M\u00fcd\u00fcrl\u00fc\u011f\u00fc ekipleri taraf\u0131ndan y\u00fcr\u00fct\u00fclen \u00e7al\u0131\u015fmalarda, mahalle sakinleri taraf\u0131ndan bir k\u0131sm\u0131 \u00f6nceden boyanan Kumbah\u00e7e Mahallesi 2414. Sokak ile Bodrum Mesleki ve Teknik Anadolu Lisesi alt\u0131nda yer alan merdivenler mavi ve beyaza boyand\u0131.<br \/>\n<br \/>Bodrum Belediyesi, bu \u00e7al\u0131\u015fmalarla hem kentin kimli\u011fini vurgulamay\u0131 hem de kent esteti\u011fine dair fark\u0131ndal\u0131k olu\u015fturmay\u0131 hedefliyor. Boyama \u00e7al\u0131\u015fmalar\u0131, planlanan program do\u011frultusunda Bodrum\u2019un farkl\u0131 mahallelerinde devam edecek.<br \/><\/p>\n","protected":false},"excerpt":{"rendered":"<p>Belediye ekipleri, kent esteti\u011fine katk\u0131 sa\u011flamak ve toplumsal fark\u0131ndal\u0131k olu\u015fturmak amac\u0131yla Bodrum\u2019da &#8220;Fark\u0131ndal\u0131k Sokaklar\u0131&#8221; olu\u015fturuyor. Bodrum\u2019un simgesi haline gelen mavi ve beyaz, kentin \u00e7e\u015fitli noktalar\u0131na uygulan\u0131yor. Bodrum\u2019un \u00f6zg\u00fcn mimari dokusuna uyumlu olarak G\u00fcmbet Ayaz Caddesi ile Erguvan Sokak\u2019\u0131 birbirine ba\u011flayan merdivenlerde ba\u015flat\u0131lan \u00e7al\u0131\u015fmalar, Kumbah\u00e7e Mahallesi\u2019nde devam etti. Destek Hizmetleri M\u00fcd\u00fcrl\u00fc\u011f\u00fc ekipleri taraf\u0131ndan y\u00fcr\u00fct\u00fclen \u00e7al\u0131\u015fmalarda, mahalle&#8230;<\/p>\n","protected":false},"author":1,"featured_media":47714,"comment_status":"open","ping_status":"open","sticky":false,"template":"","format":"standard","meta":{"_crdt_document":"","footnotes":""},"categories":[1],"tags":[],"class_list":["post-47713","post","type-post","status-publish","format-standard","has-post-thumbnail","hentry","category-guncel"],"_links":{"self":[{"href":"https:\/\/www.egemtv.com\/index.php?rest_route=\/wp\/v2\/posts\/47713","targetHints":{"allow":["GET"]}}],"collection":[{"href":"https:\/\/www.egemtv.com\/index.php?rest_route=\/wp\/v2\/posts"}],"about":[{"href":"https:\/\/www.egemtv.com\/index.php?rest_route=\/wp\/v2\/types\/post"}],"author":[{"embeddable":true,"href":"https:\/\/www.egemtv.com\/index.php?rest_route=\/wp\/v2\/users\/1"}],"replies":[{"embeddable":true,"href":"https:\/\/www.egemtv.com\/index.php?rest_route=%2Fwp%2Fv2%2Fcomments&post=47713"}],"version-history":[{"count":1,"href":"https:\/\/www.egemtv.com\/index.php?rest_route=\/wp\/v2\/posts\/47713\/revisions"}],"predecessor-version":[{"id":47715,"href":"https:\/\/www.egemtv.com\/index.php?rest_route=\/wp\/v2\/posts\/47713\/revisions\/47715"}],"wp:featuredmedia":[{"embeddable":true,"href":"https:\/\/www.egemtv.com\/index.php?rest_route=\/wp\/v2\/media\/47714"}],"wp:attachment":[{"href":"https:\/\/www.egemtv.com\/index.php?rest_route=%2Fwp%2Fv2%2Fmedia&parent=47713"}],"wp:term":[{"taxonomy":"category","embeddable":true,"href":"https:\/\/www.egemtv.com\/index.php?rest_route=%2Fwp%2Fv2%2Fcategories&post=47713"},{"taxonomy":"post_tag","embeddable":true,"href":"https:\/\/www.egemtv.com\/index.php?rest_route=%2Fwp%2Fv2%2Ftags&post=47713"}],"curies":[{"name":"wp","href":"https:\/\/api.w.org\/{rel}","templated":true}]}}