{"id":47710,"date":"2025-08-09T13:15:46","date_gmt":"2025-08-09T10:15:46","guid":{"rendered":"https:\/\/www.egemtv.com\/?p=47710"},"modified":"2025-08-09T13:15:47","modified_gmt":"2025-08-09T10:15:47","slug":"kutahyada-ciftci-bilgilendirme-toplantisi","status":"publish","type":"post","link":"https:\/\/www.egemtv.com\/?p=47710","title":{"rendered":"K\u00fctahya\u2019da \u00e7ift\u00e7i bilgilendirme toplant\u0131s\u0131"},"content":{"rendered":"<p>K\u00fctahya\u2019da tar\u0131m say\u0131m\u0131, yeni destekleme modeli ve tarla yang\u0131nlar\u0131 ile m\u00fccadele konular\u0131nda \u00e7ift\u00e7ilere bilgilendirme yap\u0131ld\u0131.<br \/>\n<br \/>\u0130l Tar\u0131m ve Orman M\u00fcd\u00fcrl\u00fc\u011f\u00fc Koordinasyon ile Tar\u0131msal Veriler \u015eube M\u00fcd\u00fcrl\u00fc\u011f\u00fc teknik personelleri taraf\u0131ndan bilgilendirme toplant\u0131s\u0131 d\u00fczenlendi. \u00dcreticilere y\u00f6nelik olan toplant\u0131, Kara\u00f6z k\u00f6y\u00fcnde ger\u00e7ekle\u015ftirildi. Programda tar\u0131m say\u0131m\u0131, yeni destekleme modeli ve tarla yang\u0131nlar\u0131 ile m\u00fccadele konular\u0131nda \u00e7ift\u00e7ilerle detayl\u0131 bilgiler payla\u015f\u0131ld\u0131.<br \/><\/p>\n","protected":false},"excerpt":{"rendered":"<p>K\u00fctahya\u2019da tar\u0131m say\u0131m\u0131, yeni destekleme modeli ve tarla yang\u0131nlar\u0131 ile m\u00fccadele konular\u0131nda \u00e7ift\u00e7ilere bilgilendirme yap\u0131ld\u0131. \u0130l Tar\u0131m ve Orman M\u00fcd\u00fcrl\u00fc\u011f\u00fc Koordinasyon ile Tar\u0131msal Veriler \u015eube M\u00fcd\u00fcrl\u00fc\u011f\u00fc teknik personelleri taraf\u0131ndan bilgilendirme toplant\u0131s\u0131 d\u00fczenlendi. \u00dcreticilere y\u00f6nelik olan toplant\u0131, Kara\u00f6z k\u00f6y\u00fcnde ger\u00e7ekle\u015ftirildi. Programda tar\u0131m say\u0131m\u0131, yeni destekleme modeli ve tarla yang\u0131nlar\u0131 ile m\u00fccadele konular\u0131nda \u00e7ift\u00e7ilerle detayl\u0131 bilgiler payla\u015f\u0131ld\u0131.<\/p>\n","protected":false},"author":1,"featured_media":47711,"comment_status":"open","ping_status":"open","sticky":false,"template":"","format":"standard","meta":{"_crdt_document":"","footnotes":""},"categories":[125],"tags":[],"class_list":["post-47710","post","type-post","status-publish","format-standard","has-post-thumbnail","hentry","category-ekonomi"],"_links":{"self":[{"href":"https:\/\/www.egemtv.com\/index.php?rest_route=\/wp\/v2\/posts\/47710","targetHints":{"allow":["GET"]}}],"collection":[{"href":"https:\/\/www.egemtv.com\/index.php?rest_route=\/wp\/v2\/posts"}],"about":[{"href":"https:\/\/www.egemtv.com\/index.php?rest_route=\/wp\/v2\/types\/post"}],"author":[{"embeddable":true,"href":"https:\/\/www.egemtv.com\/index.php?rest_route=\/wp\/v2\/users\/1"}],"replies":[{"embeddable":true,"href":"https:\/\/www.egemtv.com\/index.php?rest_route=%2Fwp%2Fv2%2Fcomments&post=47710"}],"version-history":[{"count":1,"href":"https:\/\/www.egemtv.com\/index.php?rest_route=\/wp\/v2\/posts\/47710\/revisions"}],"predecessor-version":[{"id":47712,"href":"https:\/\/www.egemtv.com\/index.php?rest_route=\/wp\/v2\/posts\/47710\/revisions\/47712"}],"wp:featuredmedia":[{"embeddable":true,"href":"https:\/\/www.egemtv.com\/index.php?rest_route=\/wp\/v2\/media\/47711"}],"wp:attachment":[{"href":"https:\/\/www.egemtv.com\/index.php?rest_route=%2Fwp%2Fv2%2Fmedia&parent=47710"}],"wp:term":[{"taxonomy":"category","embeddable":true,"href":"https:\/\/www.egemtv.com\/index.php?rest_route=%2Fwp%2Fv2%2Fcategories&post=47710"},{"taxonomy":"post_tag","embeddable":true,"href":"https:\/\/www.egemtv.com\/index.php?rest_route=%2Fwp%2Fv2%2Ftags&post=47710"}],"curies":[{"name":"wp","href":"https:\/\/api.w.org\/{rel}","templated":true}]}}