{"id":47707,"date":"2025-08-09T12:14:52","date_gmt":"2025-08-09T09:14:52","guid":{"rendered":"https:\/\/www.egemtv.com\/?p=47707"},"modified":"2025-08-09T12:14:53","modified_gmt":"2025-08-09T09:14:53","slug":"koskte-gonullu-hasat-senligi-gerceklestirildi","status":"publish","type":"post","link":"https:\/\/www.egemtv.com\/?p=47707","title":{"rendered":"K\u00f6\u015fk\u2019te g\u00f6n\u00fcll\u00fc hasat \u015fenli\u011fi ger\u00e7ekle\u015ftirildi"},"content":{"rendered":"<p>Gen\u00e7lik ve Spor Bakanl\u0131\u011f\u0131\u2019n\u0131n gen\u00e7lerin tar\u0131msal faaliyetlere ilgi duymas\u0131n\u0131 ve \u00fcretim s\u00fcre\u00e7lerini deneyimlemesini hedefledikleri \u2019G\u00f6n\u00fcll\u00fc Hasat Etkinli\u011fi Projesi\u2019 \u00fclke genelinde oldu\u011fu gibi K\u00f6\u015fk il\u00e7esinde de ger\u00e7ekle\u015fti.<br \/>\n<br \/>G\u00f6n\u00fcll\u00fc Hasat Etkinli\u011fi ile gen\u00e7lerin tar\u0131msal \u00fcretim s\u00fcre\u00e7lerine do\u011frudan kat\u0131l\u0131m\u0131 sa\u011flanarak, \u00fcreticilere destek verilmesi ve k\u0131rsal ya\u015fam\u0131n daha yak\u0131ndan tan\u0131t\u0131lmas\u0131 hedefleniyor. \u015eenlik havas\u0131nda ve mutluluk i\u00e7erisinde ge\u00e7en etkinli\u011fine kat\u0131lan gen\u00e7ler tar\u0131m \u00fcr\u00fcnlerinin yeti\u015ftirilmesi ve hasad\u0131n\u0131n yap\u0131lmas\u0131 hakk\u0131nda bilgiler edindiler. Etkinlikte ayr\u0131ca \u00fcreten \u00e7ift\u00e7ilere yard\u0131m etme mutlulu\u011funu ya\u015fad\u0131lar.<br \/>\n<br \/>K\u00f6\u015fk \u0130l\u00e7e Gen\u00e7lik ve Spor M\u00fcd\u00fcrl\u00fc\u011f\u00fcnce yap\u0131lan a\u00e7\u0131klamada &#8220;Gen\u00e7lik ve Spor Bakanl\u0131\u011f\u0131\u2019n\u0131n G\u00f6n\u00fcll\u00fc Hasat Etkinli\u011fi Projesi kapsam\u0131nda K\u00f6\u015fk \u0130l\u00e7e Gen\u00e7lik ve Spor M\u00fcd\u00fcrl\u00fc\u011f\u00fcn\u00fcn organizasyonu ve K\u00f6\u015fk \u0130l\u00e7e Tar\u0131m ve Orman M\u00fcd\u00fcrl\u00fc\u011f\u00fcn\u00fcn destek verdi\u011fi, Il\u0131da\u011f Mahallesi\u2019nde \u0130l\u00e7e Kaymakam\u0131m\u0131z Hasan Ba\u015f, il\u00e7emiz resmi kurum amirlerimiz ve gelece\u011fimizin teminat\u0131 sevgili gen\u00e7lerimizin kat\u0131lm\u0131\u015f oldu\u011fu \u0130ncir Bah\u00e7esinde Hasat \u015eenli\u011fimizi ger\u00e7ekle\u015ftirdik. Misafirperverliklerinden dolay\u0131 Il\u0131da\u011f Muhtar\u0131m\u0131z ve de\u011ferli \u00e7ift\u00e7ilerimize, kat\u0131l\u0131m sa\u011flayan t\u00fcm kat\u0131l\u0131mc\u0131lara ve gelece\u011fimizin teminat\u0131 sevgili gen\u00e7lerimize te\u015fekk\u00fcr ederiz. \u0130ncirimiz bol ve bereketli olsun&#8221; ifadeleri yer ald\u0131.<br \/><\/p>\n","protected":false},"excerpt":{"rendered":"<p>Gen\u00e7lik ve Spor Bakanl\u0131\u011f\u0131\u2019n\u0131n gen\u00e7lerin tar\u0131msal faaliyetlere ilgi duymas\u0131n\u0131 ve \u00fcretim s\u00fcre\u00e7lerini deneyimlemesini hedefledikleri \u2019G\u00f6n\u00fcll\u00fc Hasat Etkinli\u011fi Projesi\u2019 \u00fclke genelinde oldu\u011fu gibi K\u00f6\u015fk il\u00e7esinde de ger\u00e7ekle\u015fti. G\u00f6n\u00fcll\u00fc Hasat Etkinli\u011fi ile gen\u00e7lerin tar\u0131msal \u00fcretim s\u00fcre\u00e7lerine do\u011frudan kat\u0131l\u0131m\u0131 sa\u011flanarak, \u00fcreticilere destek verilmesi ve k\u0131rsal ya\u015fam\u0131n daha yak\u0131ndan tan\u0131t\u0131lmas\u0131 hedefleniyor. \u015eenlik havas\u0131nda ve mutluluk i\u00e7erisinde ge\u00e7en etkinli\u011fine kat\u0131lan&#8230;<\/p>\n","protected":false},"author":1,"featured_media":47708,"comment_status":"open","ping_status":"open","sticky":false,"template":"","format":"standard","meta":{"_crdt_document":"","footnotes":""},"categories":[1],"tags":[],"class_list":["post-47707","post","type-post","status-publish","format-standard","has-post-thumbnail","hentry","category-guncel"],"_links":{"self":[{"href":"https:\/\/www.egemtv.com\/index.php?rest_route=\/wp\/v2\/posts\/47707","targetHints":{"allow":["GET"]}}],"collection":[{"href":"https:\/\/www.egemtv.com\/index.php?rest_route=\/wp\/v2\/posts"}],"about":[{"href":"https:\/\/www.egemtv.com\/index.php?rest_route=\/wp\/v2\/types\/post"}],"author":[{"embeddable":true,"href":"https:\/\/www.egemtv.com\/index.php?rest_route=\/wp\/v2\/users\/1"}],"replies":[{"embeddable":true,"href":"https:\/\/www.egemtv.com\/index.php?rest_route=%2Fwp%2Fv2%2Fcomments&post=47707"}],"version-history":[{"count":1,"href":"https:\/\/www.egemtv.com\/index.php?rest_route=\/wp\/v2\/posts\/47707\/revisions"}],"predecessor-version":[{"id":47709,"href":"https:\/\/www.egemtv.com\/index.php?rest_route=\/wp\/v2\/posts\/47707\/revisions\/47709"}],"wp:featuredmedia":[{"embeddable":true,"href":"https:\/\/www.egemtv.com\/index.php?rest_route=\/wp\/v2\/media\/47708"}],"wp:attachment":[{"href":"https:\/\/www.egemtv.com\/index.php?rest_route=%2Fwp%2Fv2%2Fmedia&parent=47707"}],"wp:term":[{"taxonomy":"category","embeddable":true,"href":"https:\/\/www.egemtv.com\/index.php?rest_route=%2Fwp%2Fv2%2Fcategories&post=47707"},{"taxonomy":"post_tag","embeddable":true,"href":"https:\/\/www.egemtv.com\/index.php?rest_route=%2Fwp%2Fv2%2Ftags&post=47707"}],"curies":[{"name":"wp","href":"https:\/\/api.w.org\/{rel}","templated":true}]}}