{"id":47704,"date":"2025-08-09T12:14:51","date_gmt":"2025-08-09T09:14:51","guid":{"rendered":"https:\/\/www.egemtv.com\/?p=47704"},"modified":"2025-08-09T12:14:52","modified_gmt":"2025-08-09T09:14:52","slug":"didimde-gocmen-kacakcisina-goz-actirilmadi-1-tutuklama","status":"publish","type":"post","link":"https:\/\/www.egemtv.com\/?p=47704","title":{"rendered":"Didim\u2019de g\u00f6\u00e7men ka\u00e7ak\u00e7\u0131s\u0131na g\u00f6z a\u00e7t\u0131r\u0131lmad\u0131: 1 tutuklama"},"content":{"rendered":"<p>Ayd\u0131n\u2019\u0131n Didim il\u00e7esinde yap\u0131lan operasyonla 1 g\u00f6\u00e7men ka\u00e7ak\u00e7\u0131s\u0131 yakaland\u0131.<br \/>\n<br \/>Didim \u0130l\u00e7e Emniyet M\u00fcd\u00fcrl\u00fc\u011f\u00fc G\u00f6\u00e7men Ka\u00e7ak\u00e7\u0131l\u0131\u011f\u0131 ve \u0130nsan Ticareti ile M\u00fccadele B\u00fcro Amirli\u011fi ekipleri bir g\u00f6\u00e7men ka\u00e7ak\u00e7\u0131s\u0131 yakalad\u0131. Edinilen bilgiye g\u00f6re Didim \u0130l\u00e7e Emniyet M\u00fcd\u00fcrl\u00fc\u011f\u00fc G\u00f6\u00e7men Ka\u00e7ak\u00e7\u0131l\u0131\u011f\u0131 ve \u0130nsan Ticareti ile M\u00fccadele B\u00fcro Amirli\u011fi personelince, Didim Efeler Mahallesi \u0130mbat koyu mevkiinde \u00e7ok say\u0131da d\u00fczensiz g\u00f6\u00e7men ve g\u00f6\u00e7menlere yard\u0131m etti\u011fi tespit edilen  bir g\u00f6\u00e7men ka\u00e7ak\u00e7\u0131s\u0131 yakaland\u0131. Yakalanan d\u00fczensiz g\u00f6\u00e7menler Ayd\u0131n Geri G\u00f6nderme Merkezi\u2019ne teslim edilirken g\u00f6z alt\u0131na al\u0131nan g\u00f6\u00e7men ka\u00e7ak\u00e7\u0131s\u0131 \u00e7\u0131kar\u0131ld\u0131\u011f\u0131 mahkemece tutuklanarak cezaevineg\u00f6nderildi.<br \/><\/p>\n","protected":false},"excerpt":{"rendered":"<p>Ayd\u0131n\u2019\u0131n Didim il\u00e7esinde yap\u0131lan operasyonla 1 g\u00f6\u00e7men ka\u00e7ak\u00e7\u0131s\u0131 yakaland\u0131. Didim \u0130l\u00e7e Emniyet M\u00fcd\u00fcrl\u00fc\u011f\u00fc G\u00f6\u00e7men Ka\u00e7ak\u00e7\u0131l\u0131\u011f\u0131 ve \u0130nsan Ticareti ile M\u00fccadele B\u00fcro Amirli\u011fi ekipleri bir g\u00f6\u00e7men ka\u00e7ak\u00e7\u0131s\u0131 yakalad\u0131. Edinilen bilgiye g\u00f6re Didim \u0130l\u00e7e Emniyet M\u00fcd\u00fcrl\u00fc\u011f\u00fc G\u00f6\u00e7men Ka\u00e7ak\u00e7\u0131l\u0131\u011f\u0131 ve \u0130nsan Ticareti ile M\u00fccadele B\u00fcro Amirli\u011fi personelince, Didim Efeler Mahallesi \u0130mbat koyu mevkiinde \u00e7ok say\u0131da d\u00fczensiz g\u00f6\u00e7men ve&#8230;<\/p>\n","protected":false},"author":1,"featured_media":47705,"comment_status":"open","ping_status":"open","sticky":false,"template":"","format":"standard","meta":{"_crdt_document":"","footnotes":""},"categories":[5],"tags":[],"class_list":["post-47704","post","type-post","status-publish","format-standard","has-post-thumbnail","hentry","category-asayis"],"_links":{"self":[{"href":"https:\/\/www.egemtv.com\/index.php?rest_route=\/wp\/v2\/posts\/47704","targetHints":{"allow":["GET"]}}],"collection":[{"href":"https:\/\/www.egemtv.com\/index.php?rest_route=\/wp\/v2\/posts"}],"about":[{"href":"https:\/\/www.egemtv.com\/index.php?rest_route=\/wp\/v2\/types\/post"}],"author":[{"embeddable":true,"href":"https:\/\/www.egemtv.com\/index.php?rest_route=\/wp\/v2\/users\/1"}],"replies":[{"embeddable":true,"href":"https:\/\/www.egemtv.com\/index.php?rest_route=%2Fwp%2Fv2%2Fcomments&post=47704"}],"version-history":[{"count":1,"href":"https:\/\/www.egemtv.com\/index.php?rest_route=\/wp\/v2\/posts\/47704\/revisions"}],"predecessor-version":[{"id":47706,"href":"https:\/\/www.egemtv.com\/index.php?rest_route=\/wp\/v2\/posts\/47704\/revisions\/47706"}],"wp:featuredmedia":[{"embeddable":true,"href":"https:\/\/www.egemtv.com\/index.php?rest_route=\/wp\/v2\/media\/47705"}],"wp:attachment":[{"href":"https:\/\/www.egemtv.com\/index.php?rest_route=%2Fwp%2Fv2%2Fmedia&parent=47704"}],"wp:term":[{"taxonomy":"category","embeddable":true,"href":"https:\/\/www.egemtv.com\/index.php?rest_route=%2Fwp%2Fv2%2Fcategories&post=47704"},{"taxonomy":"post_tag","embeddable":true,"href":"https:\/\/www.egemtv.com\/index.php?rest_route=%2Fwp%2Fv2%2Ftags&post=47704"}],"curies":[{"name":"wp","href":"https:\/\/api.w.org\/{rel}","templated":true}]}}