{"id":47701,"date":"2025-08-09T11:54:44","date_gmt":"2025-08-09T08:54:44","guid":{"rendered":"https:\/\/www.egemtv.com\/?p=47701"},"modified":"2025-08-09T11:54:44","modified_gmt":"2025-08-09T08:54:44","slug":"incirliovaya-yeni-dis-sagligi-hizmeti","status":"publish","type":"post","link":"https:\/\/www.egemtv.com\/?p=47701","title":{"rendered":"\u0130ncirliova\u2019ya yeni di\u015f sa\u011fl\u0131\u011f\u0131 hizmeti"},"content":{"rendered":"<p>Ayd\u0131n A\u011f\u0131z ve Di\u015f Sa\u011fl\u0131\u011f\u0131 Merkezi\u2019ne ba\u011fl\u0131 \u0130ncirliova Semt Poliklini\u011fi 11 A\u011fustos\u2019ta hizmete giriyor.<br \/>\n<br \/>Ayd\u0131n A\u011f\u0131z ve Di\u015f Sa\u011fl\u0131\u011f\u0131 Merkezi\u2019ne ba\u011fl\u0131 \u0130ncirliova Semt Poliklini\u011fi, 11 A\u011fustos 2025 tarihi itibar\u0131yla hizmet vermeye ba\u015fl\u0131yor. Modern donan\u0131m\u0131yla dikkat \u00e7eken poliklinik, 4 di\u015f \u00fcnitesi ve 1 periapikal r\u00f6ntgen cihaz\u0131 ile vatanda\u015flara a\u011f\u0131z ve di\u015f sa\u011fl\u0131\u011f\u0131 alan\u0131nda kaliteli hizmet sunacak. Ayd\u0131n Valili\u011fi\u2019nden yap\u0131lan a\u00e7\u0131klamada, &#8220;Ayd\u0131n A\u011f\u0131z ve Di\u015f Sa\u011fl\u0131\u011f\u0131 Merkezi\u2019ne ba\u011fl\u0131 \u0130ncirliova Semt Poliklini\u011fi, 11 A\u011fustos 2025 tarihi itibar\u0131yla 4 di\u015f \u00fcnitesi ve 1 periapikal r\u00f6ntgen cihaz\u0131 ile hizmet vermeye ba\u015flayacakt\u0131r. Hay\u0131rl\u0131 olsun, hay\u0131rl\u0131 hizmetlere vesile olsun&#8221; ifadeleri yer ald\u0131.<br \/><\/p>\n","protected":false},"excerpt":{"rendered":"<p>Ayd\u0131n A\u011f\u0131z ve Di\u015f Sa\u011fl\u0131\u011f\u0131 Merkezi\u2019ne ba\u011fl\u0131 \u0130ncirliova Semt Poliklini\u011fi 11 A\u011fustos\u2019ta hizmete giriyor. Ayd\u0131n A\u011f\u0131z ve Di\u015f Sa\u011fl\u0131\u011f\u0131 Merkezi\u2019ne ba\u011fl\u0131 \u0130ncirliova Semt Poliklini\u011fi, 11 A\u011fustos 2025 tarihi itibar\u0131yla hizmet vermeye ba\u015fl\u0131yor. Modern donan\u0131m\u0131yla dikkat \u00e7eken poliklinik, 4 di\u015f \u00fcnitesi ve 1 periapikal r\u00f6ntgen cihaz\u0131 ile vatanda\u015flara a\u011f\u0131z ve di\u015f sa\u011fl\u0131\u011f\u0131 alan\u0131nda kaliteli hizmet sunacak&#8230;.<\/p>\n","protected":false},"author":1,"featured_media":47702,"comment_status":"open","ping_status":"open","sticky":false,"template":"","format":"standard","meta":{"_crdt_document":"","footnotes":""},"categories":[2],"tags":[],"class_list":["post-47701","post","type-post","status-publish","format-standard","has-post-thumbnail","hentry","category-saglik"],"_links":{"self":[{"href":"https:\/\/www.egemtv.com\/index.php?rest_route=\/wp\/v2\/posts\/47701","targetHints":{"allow":["GET"]}}],"collection":[{"href":"https:\/\/www.egemtv.com\/index.php?rest_route=\/wp\/v2\/posts"}],"about":[{"href":"https:\/\/www.egemtv.com\/index.php?rest_route=\/wp\/v2\/types\/post"}],"author":[{"embeddable":true,"href":"https:\/\/www.egemtv.com\/index.php?rest_route=\/wp\/v2\/users\/1"}],"replies":[{"embeddable":true,"href":"https:\/\/www.egemtv.com\/index.php?rest_route=%2Fwp%2Fv2%2Fcomments&post=47701"}],"version-history":[{"count":1,"href":"https:\/\/www.egemtv.com\/index.php?rest_route=\/wp\/v2\/posts\/47701\/revisions"}],"predecessor-version":[{"id":47703,"href":"https:\/\/www.egemtv.com\/index.php?rest_route=\/wp\/v2\/posts\/47701\/revisions\/47703"}],"wp:featuredmedia":[{"embeddable":true,"href":"https:\/\/www.egemtv.com\/index.php?rest_route=\/wp\/v2\/media\/47702"}],"wp:attachment":[{"href":"https:\/\/www.egemtv.com\/index.php?rest_route=%2Fwp%2Fv2%2Fmedia&parent=47701"}],"wp:term":[{"taxonomy":"category","embeddable":true,"href":"https:\/\/www.egemtv.com\/index.php?rest_route=%2Fwp%2Fv2%2Fcategories&post=47701"},{"taxonomy":"post_tag","embeddable":true,"href":"https:\/\/www.egemtv.com\/index.php?rest_route=%2Fwp%2Fv2%2Ftags&post=47701"}],"curies":[{"name":"wp","href":"https:\/\/api.w.org\/{rel}","templated":true}]}}