{"id":47698,"date":"2025-08-09T11:54:43","date_gmt":"2025-08-09T08:54:43","guid":{"rendered":"https:\/\/www.egemtv.com\/?p=47698"},"modified":"2025-08-09T11:54:44","modified_gmt":"2025-08-09T08:54:44","slug":"aydinda-ormanlar-icin-kirmizi-alarm","status":"publish","type":"post","link":"https:\/\/www.egemtv.com\/?p=47698","title":{"rendered":"Ayd\u0131n\u2019da ormanlar i\u00e7in k\u0131rm\u0131z\u0131 alarm"},"content":{"rendered":"<p>T\u00fcrkiye\u2019nin en s\u0131cak illerinden olan Ayd\u0131n\u2019da hava \u015fartlar\u0131 yang\u0131n riskini en \u00fcst seviyeye \u00e7\u0131kart\u0131rken, t\u00fcm ekipler teyakkuza ge\u00e7ti. Ormanlar i\u00e7in k\u0131rm\u0131z\u0131 alarm verilirken Ayd\u0131n \u0130l Tar\u0131m ve Orman M\u00fcd\u00fcrl\u00fc\u011f\u00fc &#8220;En b\u00fcy\u00fck g\u00f6rev hepimize d\u00fc\u015f\u00fcyor&#8221; diyerek vatanda\u015flar\u0131 dikkatli olmaya \u00e7a\u011f\u0131rd\u0131.<br \/>\n<br \/>Ayd\u0131n \u0130l Tar\u0131m ve Orman M\u00fcd\u00fcrl\u00fc\u011f\u00fc, Meteoroloji verilerine dayanarak 9-11 A\u011fustos tarihlerinde kentte hava s\u0131cakl\u0131klar\u0131n\u0131n 44 dereceye kadar y\u00fckselece\u011fini, nem oran\u0131n\u0131n y\u00fczde 10\u2019lara d\u00fc\u015fece\u011fini ve r\u00fczgar h\u0131z\u0131n\u0131n saatte 40 kilometreye ula\u015faca\u011f\u0131n\u0131 a\u00e7\u0131klad\u0131. Bu hava \u015fartlar\u0131n\u0131n orman yang\u0131n\u0131 riskini en \u00fcst seviyeye ta\u015f\u0131d\u0131\u011f\u0131na dikkat \u00e7ekildi. Yetkililer, ormanl\u0131k alanlarda kesinlikle ate\u015f yak\u0131lmamas\u0131, an\u0131z ve bah\u00e7e at\u0131\u011f\u0131 yakman\u0131n yasak oldu\u011fu, sigara izmaritlerinin do\u011faya at\u0131lmamas\u0131 konusunda vatanda\u015flar\u0131 uyard\u0131. \u015e\u00fcpheli duman veya yang\u0131n g\u00f6r\u00fcld\u00fc\u011f\u00fcnde 112 Acil \u00c7a\u011fr\u0131 Merkezi\u2019ne bildirim yap\u0131lmas\u0131 gerekti\u011fi hat\u0131rlat\u0131ld\u0131.<br \/>\n<br \/>Belediyeler, zab\u0131ta, jandarma ve emniyet ekiplerinin teyakkuzda oldu\u011fu ancak en b\u00fcy\u00fck g\u00f6revin vatanda\u015flara d\u00fc\u015ft\u00fc\u011f\u00fcn\u00fc vurgulayan Ayd\u0131n \u0130l Tar\u0131m ve Orman M\u00fcd\u00fcrl\u00fc\u011f\u00fc\u2019nden yap\u0131lan a\u00e7\u0131klamada &#8220;Meteoroloji verilerine g\u00f6re 9-11 A\u011fustos tarihlerinde ilimizde s\u0131cakl\u0131klar 44 dereceye kadar \u00e7\u0131kacak, nem oran\u0131 y\u00fczde 10\u2019lara d\u00fc\u015fecek ve r\u00fczgar h\u0131z\u0131 saatte 40 kilometre h\u0131za ula\u015facak. Bu \u015fartlar orman yang\u0131n\u0131 riskini en \u00fcst seviyeye \u00e7\u0131kar\u0131yor. Dikkat etmeliyiz. Ormanl\u0131k alanlarda kesinlikle ate\u015f yakmay\u0131n. An\u0131z ve bah\u00e7e at\u0131\u011f\u0131 yakmak yasakt\u0131r. Sigara izmaritlerini asla do\u011faya atmay\u0131n. \u015e\u00fcpheli duman veya yang\u0131n g\u00f6rd\u00fc\u011f\u00fcn\u00fczde 112 Acil \u00c7a\u011fr\u0131 Merkezi\u2019ni aray\u0131n. Belediyeler, zab\u0131ta, jandarma ve emniyet ekipleri teyakkuzda. Ancak en b\u00fcy\u00fck g\u00f6rev hepimize d\u00fc\u015f\u00fcyor. Ormanlar\u0131m\u0131z gelece\u011fimizdir. L\u00fctfen hassasiyet g\u00f6sterelim. Ayd\u0131n\u2019da ormanlar\u0131m\u0131z i\u00e7in dikkatli olal\u0131m. K\u00fc\u00e7\u00fck bir k\u0131v\u0131lc\u0131m, binlerce a\u011fac\u0131 yok edebilir. Ate\u015f yakmayal\u0131m, do\u011fam\u0131z\u0131 koruyal\u0131m. Ormanlar gelece\u011fimizdir, sahip \u00e7\u0131kal\u0131m&#8221; ifadeleri yer ald\u0131.<br \/><\/p>\n","protected":false},"excerpt":{"rendered":"<p>T\u00fcrkiye\u2019nin en s\u0131cak illerinden olan Ayd\u0131n\u2019da hava \u015fartlar\u0131 yang\u0131n riskini en \u00fcst seviyeye \u00e7\u0131kart\u0131rken, t\u00fcm ekipler teyakkuza ge\u00e7ti. Ormanlar i\u00e7in k\u0131rm\u0131z\u0131 alarm verilirken Ayd\u0131n \u0130l Tar\u0131m ve Orman M\u00fcd\u00fcrl\u00fc\u011f\u00fc &#8220;En b\u00fcy\u00fck g\u00f6rev hepimize d\u00fc\u015f\u00fcyor&#8221; diyerek vatanda\u015flar\u0131 dikkatli olmaya \u00e7a\u011f\u0131rd\u0131. Ayd\u0131n \u0130l Tar\u0131m ve Orman M\u00fcd\u00fcrl\u00fc\u011f\u00fc, Meteoroloji verilerine dayanarak 9-11 A\u011fustos tarihlerinde kentte hava s\u0131cakl\u0131klar\u0131n\u0131n 44&#8230;<\/p>\n","protected":false},"author":1,"featured_media":47699,"comment_status":"open","ping_status":"open","sticky":false,"template":"","format":"standard","meta":{"_crdt_document":"","footnotes":""},"categories":[1],"tags":[],"class_list":["post-47698","post","type-post","status-publish","format-standard","has-post-thumbnail","hentry","category-guncel"],"_links":{"self":[{"href":"https:\/\/www.egemtv.com\/index.php?rest_route=\/wp\/v2\/posts\/47698","targetHints":{"allow":["GET"]}}],"collection":[{"href":"https:\/\/www.egemtv.com\/index.php?rest_route=\/wp\/v2\/posts"}],"about":[{"href":"https:\/\/www.egemtv.com\/index.php?rest_route=\/wp\/v2\/types\/post"}],"author":[{"embeddable":true,"href":"https:\/\/www.egemtv.com\/index.php?rest_route=\/wp\/v2\/users\/1"}],"replies":[{"embeddable":true,"href":"https:\/\/www.egemtv.com\/index.php?rest_route=%2Fwp%2Fv2%2Fcomments&post=47698"}],"version-history":[{"count":1,"href":"https:\/\/www.egemtv.com\/index.php?rest_route=\/wp\/v2\/posts\/47698\/revisions"}],"predecessor-version":[{"id":47700,"href":"https:\/\/www.egemtv.com\/index.php?rest_route=\/wp\/v2\/posts\/47698\/revisions\/47700"}],"wp:featuredmedia":[{"embeddable":true,"href":"https:\/\/www.egemtv.com\/index.php?rest_route=\/wp\/v2\/media\/47699"}],"wp:attachment":[{"href":"https:\/\/www.egemtv.com\/index.php?rest_route=%2Fwp%2Fv2%2Fmedia&parent=47698"}],"wp:term":[{"taxonomy":"category","embeddable":true,"href":"https:\/\/www.egemtv.com\/index.php?rest_route=%2Fwp%2Fv2%2Fcategories&post=47698"},{"taxonomy":"post_tag","embeddable":true,"href":"https:\/\/www.egemtv.com\/index.php?rest_route=%2Fwp%2Fv2%2Ftags&post=47698"}],"curies":[{"name":"wp","href":"https:\/\/api.w.org\/{rel}","templated":true}]}}