{"id":47695,"date":"2025-08-09T11:34:54","date_gmt":"2025-08-09T08:34:54","guid":{"rendered":"https:\/\/www.egemtv.com\/?p=47695"},"modified":"2025-08-09T11:34:55","modified_gmt":"2025-08-09T08:34:55","slug":"cesmede-su-krizi-bitiyor-karareis-barajindan-ilk-su-bugun-veriliyor","status":"publish","type":"post","link":"https:\/\/www.egemtv.com\/?p=47695","title":{"rendered":"\u00c7e\u015fme\u2019de su krizi bitiyor: Karareis Baraj\u0131\u2019ndan ilk su bug\u00fcn veriliyor"},"content":{"rendered":"<p>\u0130zmir\u2019de kurakl\u0131k ve artan su t\u00fcketimi nedeniyle \u00c7e\u015fme ve \u00e7evre il\u00e7elerde devam eden su kesintilerinde sona yakla\u015f\u0131ld\u0131. \u00c7e\u015fme\u2019de ya\u015fanan su krizine son vermesi beklenen Karareis Baraj\u0131\u2019ndan bug\u00fcn ilk su verilecek.<br \/>\n<br \/>\u0130ZSU, kurakl\u0131k ve artan t\u00fcketim sebebiyle 25 Temmuz\u2019dan itibaren il\u00e7ede gece su kesintilerine ba\u015flam\u0131\u015ft\u0131. \u0130lk etapta 23.00-06.00 saatleri aras\u0131nda 7 saat uygulanan kesinti, 31 Temmuz\u2019dan itibaren 23.00-09.00 saatleri aras\u0131nda 10 saate \u00e7\u0131kar\u0131lm\u0131\u015ft\u0131.<br \/>\n<br \/>Karaburun\u2019da Devlet Su \u0130\u015fleri (DS\u0130) taraf\u0131ndan in\u015fas\u0131 tamamlanmak \u00fczere olan Karareis Baraj\u0131\u2019ndan su verilmesi s\u00fcreci, CHP ve AK Parti aras\u0131nda siyasi tart\u0131\u015fmalara yol a\u00e7sa da bug\u00fcn \u00f6nemli bir ad\u0131m at\u0131l\u0131yor.<br \/>\n<br \/>9 A\u011fustos Cumartesi g\u00fcn\u00fc (bug\u00fcn) saat 14.00\u2019te Karareis Baraj\u0131 ve Salman G\u00f6leti Ortak Deposu \u0130letim Hatt\u0131 ve \u0130\u00e7me Suyu \u0130lk Su Verme T\u00f6reni d\u00fczenlenecek. A\u00e7\u0131l\u0131\u015f\u0131 Tar\u0131m ve Orman Bakan Yard\u0131mc\u0131s\u0131 Ebubekir Gizligider yapacak. Programa AK Parti Genel Sekreteri ve \u0130zmir Milletvekili Eyy\u00fcp Kadir \u0130nan ile AK Parti \u0130zmir \u0130l Ba\u015fkan\u0131 Bilal Sayg\u0131l\u0131 da kat\u0131lacak.<br \/>\n<br \/>\u0130ZSU Genel M\u00fcd\u00fcr\u00fc G\u00fcrkan Erdo\u011fan ise k\u0131sa s\u00fcre \u00f6nce yapt\u0131\u011f\u0131 a\u00e7\u0131klamada, &#8220;DS\u0130\u2019deki arkada\u015flar\u0131m\u0131z hummal\u0131 bir \u00e7al\u0131\u015fmayla su ar\u0131tmay\u0131 yeti\u015ftirmeye gayret ediyorlar. Karareis Baraj\u0131\u2019ndan su ald\u0131\u011f\u0131m\u0131z anda \u00c7e\u015fme\u2019deki su kesintilerine son verece\u011fiz. Yar\u0131n al\u0131rsak yar\u0131n bile kesintileri durdurabiliriz&#8221; ifadelerini kullanm\u0131\u015ft\u0131.<br \/><\/p>\n","protected":false},"excerpt":{"rendered":"<p>\u0130zmir\u2019de kurakl\u0131k ve artan su t\u00fcketimi nedeniyle \u00c7e\u015fme ve \u00e7evre il\u00e7elerde devam eden su kesintilerinde sona yakla\u015f\u0131ld\u0131. \u00c7e\u015fme\u2019de ya\u015fanan su krizine son vermesi beklenen Karareis Baraj\u0131\u2019ndan bug\u00fcn ilk su verilecek. \u0130ZSU, kurakl\u0131k ve artan t\u00fcketim sebebiyle 25 Temmuz\u2019dan itibaren il\u00e7ede gece su kesintilerine ba\u015flam\u0131\u015ft\u0131. \u0130lk etapta 23.00-06.00 saatleri aras\u0131nda 7 saat uygulanan kesinti, 31 Temmuz\u2019dan&#8230;<\/p>\n","protected":false},"author":1,"featured_media":47696,"comment_status":"open","ping_status":"open","sticky":false,"template":"","format":"standard","meta":{"_crdt_document":"","footnotes":""},"categories":[1],"tags":[],"class_list":["post-47695","post","type-post","status-publish","format-standard","has-post-thumbnail","hentry","category-guncel"],"_links":{"self":[{"href":"https:\/\/www.egemtv.com\/index.php?rest_route=\/wp\/v2\/posts\/47695","targetHints":{"allow":["GET"]}}],"collection":[{"href":"https:\/\/www.egemtv.com\/index.php?rest_route=\/wp\/v2\/posts"}],"about":[{"href":"https:\/\/www.egemtv.com\/index.php?rest_route=\/wp\/v2\/types\/post"}],"author":[{"embeddable":true,"href":"https:\/\/www.egemtv.com\/index.php?rest_route=\/wp\/v2\/users\/1"}],"replies":[{"embeddable":true,"href":"https:\/\/www.egemtv.com\/index.php?rest_route=%2Fwp%2Fv2%2Fcomments&post=47695"}],"version-history":[{"count":1,"href":"https:\/\/www.egemtv.com\/index.php?rest_route=\/wp\/v2\/posts\/47695\/revisions"}],"predecessor-version":[{"id":47697,"href":"https:\/\/www.egemtv.com\/index.php?rest_route=\/wp\/v2\/posts\/47695\/revisions\/47697"}],"wp:featuredmedia":[{"embeddable":true,"href":"https:\/\/www.egemtv.com\/index.php?rest_route=\/wp\/v2\/media\/47696"}],"wp:attachment":[{"href":"https:\/\/www.egemtv.com\/index.php?rest_route=%2Fwp%2Fv2%2Fmedia&parent=47695"}],"wp:term":[{"taxonomy":"category","embeddable":true,"href":"https:\/\/www.egemtv.com\/index.php?rest_route=%2Fwp%2Fv2%2Fcategories&post=47695"},{"taxonomy":"post_tag","embeddable":true,"href":"https:\/\/www.egemtv.com\/index.php?rest_route=%2Fwp%2Fv2%2Ftags&post=47695"}],"curies":[{"name":"wp","href":"https:\/\/api.w.org\/{rel}","templated":true}]}}