{"id":47692,"date":"2025-08-09T11:34:53","date_gmt":"2025-08-09T08:34:53","guid":{"rendered":"https:\/\/www.egemtv.com\/?p=47692"},"modified":"2025-08-09T11:34:54","modified_gmt":"2025-08-09T08:34:54","slug":"goztepe-caykur-rizespor-deplasmaninda-2","status":"publish","type":"post","link":"https:\/\/www.egemtv.com\/?p=47692","title":{"rendered":"G\u00f6ztepe, \u00c7aykur Rizespor deplasman\u0131nda"},"content":{"rendered":"<p>G\u00f6ztepe, Trendyol S\u00fcper Lig\u2019de 2025-26 sezonunun ilk haftas\u0131nda yar\u0131n \u00c7aykur Rizespor\u2019a konuk olacak.<br \/>\n<br \/>Trendyol S\u00fcper Lig ekiplerinden G\u00f6ztepe,  2025-26 sezonunun ilk ma\u00e7\u0131nda yar\u0131n \u00c7aykur Rizespor ile saat 19.00\u2019da deplasmanda kar\u015f\u0131 kar\u015f\u0131ya gelecek. Kar\u015f\u0131la\u015fmay\u0131 \u0130stanbul b\u00f6lgesi hakemlerinden Mehmet T\u00fcrkmen y\u00f6netecek. \u0130zmir ekibi, zorlu ma\u00e7ta rakibini ma\u011flup ederek sezona 3 puanla ba\u015flamak istiyor.<\/p>\n<p>Yeni transferler ilk resmi ma\u00e7lar\u0131na \u00e7\u0131kmaya haz\u0131rlan\u0131yor.<br \/>\n<br \/>Sezona galibiyetle ba\u015flamak isteyen G\u00f6ztepe\u2019de 9 yeni transfer, ilk resmi ma\u00e7lar\u0131na \u00e7\u0131kman\u0131n heyecan\u0131n\u0131 ya\u015f\u0131yor. Teknik Direkt\u00f6r Stanimir Stoilov\u2019un g\u00f6rev vermesi halinde Arda Okan Kurtulan, Allan Godoi, Rhaldney, Junior Olaitan, Amin Cherni, Janderson, Ibrahim Sabra, Ruan ve Efkan Bekiro\u011flu, ilk kez sar\u0131-k\u0131rm\u0131z\u0131l\u0131 formayla resmi bir ma\u00e7ta m\u00fccadele edecek.<\/p>\n<p>Og\u00fcn ve Romulo forma giymeyecek<br \/>\n<br \/>G\u00f6ztepe, Rize kafilesine iki \u00f6nemli ismi dahil etmedi. Slovenya kamp\u0131nda omzundan sakatlanan ve ameliyat edilen sa\u011f bek Og\u00fcn Bayrak ile Almanya\u2019n\u0131n Leipzig kul\u00fcb\u00fcne transferi g\u00fcndemde olan Romulo, \u00c7aykur Rizespor kar\u015f\u0131la\u015fmas\u0131n\u0131n kadrosunda yer almad\u0131.<br \/><\/p>\n","protected":false},"excerpt":{"rendered":"<p>G\u00f6ztepe, Trendyol S\u00fcper Lig\u2019de 2025-26 sezonunun ilk haftas\u0131nda yar\u0131n \u00c7aykur Rizespor\u2019a konuk olacak. Trendyol S\u00fcper Lig ekiplerinden G\u00f6ztepe, 2025-26 sezonunun ilk ma\u00e7\u0131nda yar\u0131n \u00c7aykur Rizespor ile saat 19.00\u2019da deplasmanda kar\u015f\u0131 kar\u015f\u0131ya gelecek. Kar\u015f\u0131la\u015fmay\u0131 \u0130stanbul b\u00f6lgesi hakemlerinden Mehmet T\u00fcrkmen y\u00f6netecek. \u0130zmir ekibi, zorlu ma\u00e7ta rakibini ma\u011flup ederek sezona 3 puanla ba\u015flamak istiyor. Yeni transferler ilk resmi&#8230;<\/p>\n","protected":false},"author":1,"featured_media":47693,"comment_status":"open","ping_status":"open","sticky":false,"template":"","format":"standard","meta":{"_crdt_document":"","footnotes":""},"categories":[4],"tags":[],"class_list":["post-47692","post","type-post","status-publish","format-standard","has-post-thumbnail","hentry","category-spor"],"_links":{"self":[{"href":"https:\/\/www.egemtv.com\/index.php?rest_route=\/wp\/v2\/posts\/47692","targetHints":{"allow":["GET"]}}],"collection":[{"href":"https:\/\/www.egemtv.com\/index.php?rest_route=\/wp\/v2\/posts"}],"about":[{"href":"https:\/\/www.egemtv.com\/index.php?rest_route=\/wp\/v2\/types\/post"}],"author":[{"embeddable":true,"href":"https:\/\/www.egemtv.com\/index.php?rest_route=\/wp\/v2\/users\/1"}],"replies":[{"embeddable":true,"href":"https:\/\/www.egemtv.com\/index.php?rest_route=%2Fwp%2Fv2%2Fcomments&post=47692"}],"version-history":[{"count":1,"href":"https:\/\/www.egemtv.com\/index.php?rest_route=\/wp\/v2\/posts\/47692\/revisions"}],"predecessor-version":[{"id":47694,"href":"https:\/\/www.egemtv.com\/index.php?rest_route=\/wp\/v2\/posts\/47692\/revisions\/47694"}],"wp:featuredmedia":[{"embeddable":true,"href":"https:\/\/www.egemtv.com\/index.php?rest_route=\/wp\/v2\/media\/47693"}],"wp:attachment":[{"href":"https:\/\/www.egemtv.com\/index.php?rest_route=%2Fwp%2Fv2%2Fmedia&parent=47692"}],"wp:term":[{"taxonomy":"category","embeddable":true,"href":"https:\/\/www.egemtv.com\/index.php?rest_route=%2Fwp%2Fv2%2Fcategories&post=47692"},{"taxonomy":"post_tag","embeddable":true,"href":"https:\/\/www.egemtv.com\/index.php?rest_route=%2Fwp%2Fv2%2Ftags&post=47692"}],"curies":[{"name":"wp","href":"https:\/\/api.w.org\/{rel}","templated":true}]}}