{"id":47689,"date":"2025-08-09T10:54:56","date_gmt":"2025-08-09T07:54:56","guid":{"rendered":"https:\/\/www.egemtv.com\/?p=47689"},"modified":"2025-08-09T10:54:57","modified_gmt":"2025-08-09T07:54:57","slug":"cameli-belediyesi-kendi-imkanlariyla-kirsal-mahalleleri-asfaltla-bulusturuyor","status":"publish","type":"post","link":"https:\/\/www.egemtv.com\/?p=47689","title":{"rendered":"\u00c7ameli Belediyesi kendi imkanlar\u0131yla k\u0131rsal mahalleleri asfaltla bulu\u015fturuyor"},"content":{"rendered":"<p>\u00c7ameli Belediyesi, merkez ve k\u0131rsal mahalle ayr\u0131m\u0131 yapmaks\u0131z\u0131n yol yenileme \u00e7al\u0131\u015fmalar\u0131n\u0131 aral\u0131ks\u0131z s\u00fcrd\u00fcr\u00fcyor. Kendi imkanlar\u0131yla asfaltlama \u00e7al\u0131\u015fmalar\u0131n\u0131 s\u00fcrd\u00fcren \u00c7ameli Belediyesi, vatanda\u015flar taraf\u0131ndan b\u00fcy\u00fck takdir toplad\u0131. \u00c7ameli Belediye Ba\u015fkan\u0131 Cengiz Arslan, il\u00e7enin her noktas\u0131na e\u015fit hizmet g\u00f6t\u00fcrmeye devam edeceklerini belirtti.<\/p>\n<p>Denizli\u2019nin \u00c7ameli il\u00e7esinde, belediye ekipleri k\u0131rsal mahallelerde yol yap\u0131m ve yenileme \u00e7al\u0131\u015fmalar\u0131n\u0131 aral\u0131ks\u0131z s\u00fcrd\u00fcr\u00fcyor. Merkez ve k\u0131rsal mahalle ayr\u0131m\u0131 yapmaks\u0131z\u0131n \u00e7al\u0131\u015fmalar\u0131n\u0131 s\u00fcrd\u00fcren \u00c7ameli Belediyesi, hayata ge\u00e7irdi\u011fi \u00fcstyap\u0131 projeleriyle vatanda\u015flar\u0131n ya\u015fam kalitesini art\u0131rmay\u0131 hedefliyor. Belediyenin \u00f6z kaynaklar\u0131yla y\u00fcr\u00fctt\u00fc\u011f\u00fc asfaltlama \u00e7al\u0131\u015fmalar\u0131, \u00f6zellikle k\u0131rsal b\u00f6lgelerde ya\u015fayan vatanda\u015flar taraf\u0131ndan memnuniyetle kar\u015f\u0131lan\u0131rken ula\u015f\u0131m\u0131n daha g\u00fcvenli ve konforlu hale getiriyor. Mahalle sakinleri yap\u0131lan hizmetler dolay\u0131s\u0131yla \u00c7ameli Belediyesi\u2019ne te\u015fekk\u00fcr etti. \u00c7ameli Belediye Ba\u015fkan\u0131 Cengiz Arslan, il\u00e7enin her noktas\u0131na e\u015fit hizmet g\u00f6t\u00fcrmeye devam edeceklerini belirtti.<\/p>\n<p>&#8220;Asfalt atarak tozdan \u00e7amurdan kurtarm\u0131\u015f durumday\u0131z&#8221;<br \/>\n<br \/>Yollar\u0131n tozdan ve \u00e7amurdan kurtuldu\u011funu belirten K\u0131z\u0131lyaka Mahalle Muhtar\u0131 Vecihi Aslan, &#8220;K\u0131z\u0131lyaka Mahallemizin eski K\u00f6yce\u011fiz yolunu asfalt\u0131n\u0131 atarak tozdan \u00e7amurdan kurtarm\u0131\u015f durumday\u0131z. Belediye Ba\u015fkan\u0131m\u0131z Cengiz Arslan\u2019a \u00e7ok te\u015fekk\u00fcr ediyoruz. Eme\u011fi ge\u00e7en b\u00fct\u00fcn belediye ekiplerine te\u015fekk\u00fcr ederiz. Yollar\u0131m\u0131z \u00e7ok g\u00fczel oldu&#8221; dedi.<\/p>\n<p>&#8220;Sevincimiz tarif edilemez&#8221;<br \/>\n<br \/>\u00c7ok mutlu olduklar\u0131n\u0131 ve te\u015fekk\u00fcrlerini ileten B\u0131\u00e7ak\u00e7\u0131 Mahalle Muhtar\u0131 Adem \u00d6\u011f\u00fct, &#8220;B\u0131\u00e7akl\u0131 Mahallemizden asfalt \u00e7al\u0131\u015fmalar\u0131 ba\u015flad\u0131. Ba\u015fta Belediye Ba\u015fkan\u0131m\u0131z Cengiz Arslan ve t\u00fcm \u00e7al\u0131\u015fma arkada\u015flar\u0131na \u00e7ok te\u015fekk\u00fcr ederiz. Sevincimiz tarif edilemez. Belediyemiz b\u00fct\u00fcn sokaklar\u0131m\u0131z\u0131 asfaltl\u0131yor&#8221; diye konu\u015ftu.<\/p>\n<p>Yumruta\u015f ve Yeni Mahalle muhtarlar\u0131 ise, &#8220;\u00c7ameli Belediyesi b\u00fct\u00fcn mahallerimizin yollar\u0131n\u0131 daha d\u00fczg\u00fcn hale getiriyor. Yakla\u015f\u0131k 60 ki\u015filik ekip ile \u00f6zverili bir \u015fekilde \u00e7al\u0131\u015f\u0131yorlar. Eme\u011fi ge\u00e7en b\u00fct\u00fcn herkese te\u015fekk\u00fcr ederiz&#8221; dedi.<br \/><\/p>\n","protected":false},"excerpt":{"rendered":"<p>\u00c7ameli Belediyesi, merkez ve k\u0131rsal mahalle ayr\u0131m\u0131 yapmaks\u0131z\u0131n yol yenileme \u00e7al\u0131\u015fmalar\u0131n\u0131 aral\u0131ks\u0131z s\u00fcrd\u00fcr\u00fcyor. Kendi imkanlar\u0131yla asfaltlama \u00e7al\u0131\u015fmalar\u0131n\u0131 s\u00fcrd\u00fcren \u00c7ameli Belediyesi, vatanda\u015flar taraf\u0131ndan b\u00fcy\u00fck takdir toplad\u0131. \u00c7ameli Belediye Ba\u015fkan\u0131 Cengiz Arslan, il\u00e7enin her noktas\u0131na e\u015fit hizmet g\u00f6t\u00fcrmeye devam edeceklerini belirtti. Denizli\u2019nin \u00c7ameli il\u00e7esinde, belediye ekipleri k\u0131rsal mahallelerde yol yap\u0131m ve yenileme \u00e7al\u0131\u015fmalar\u0131n\u0131 aral\u0131ks\u0131z s\u00fcrd\u00fcr\u00fcyor. Merkez ve&#8230;<\/p>\n","protected":false},"author":1,"featured_media":47690,"comment_status":"open","ping_status":"open","sticky":false,"template":"","format":"standard","meta":{"_crdt_document":"","footnotes":""},"categories":[1],"tags":[],"class_list":["post-47689","post","type-post","status-publish","format-standard","has-post-thumbnail","hentry","category-guncel"],"_links":{"self":[{"href":"https:\/\/www.egemtv.com\/index.php?rest_route=\/wp\/v2\/posts\/47689","targetHints":{"allow":["GET"]}}],"collection":[{"href":"https:\/\/www.egemtv.com\/index.php?rest_route=\/wp\/v2\/posts"}],"about":[{"href":"https:\/\/www.egemtv.com\/index.php?rest_route=\/wp\/v2\/types\/post"}],"author":[{"embeddable":true,"href":"https:\/\/www.egemtv.com\/index.php?rest_route=\/wp\/v2\/users\/1"}],"replies":[{"embeddable":true,"href":"https:\/\/www.egemtv.com\/index.php?rest_route=%2Fwp%2Fv2%2Fcomments&post=47689"}],"version-history":[{"count":1,"href":"https:\/\/www.egemtv.com\/index.php?rest_route=\/wp\/v2\/posts\/47689\/revisions"}],"predecessor-version":[{"id":47691,"href":"https:\/\/www.egemtv.com\/index.php?rest_route=\/wp\/v2\/posts\/47689\/revisions\/47691"}],"wp:featuredmedia":[{"embeddable":true,"href":"https:\/\/www.egemtv.com\/index.php?rest_route=\/wp\/v2\/media\/47690"}],"wp:attachment":[{"href":"https:\/\/www.egemtv.com\/index.php?rest_route=%2Fwp%2Fv2%2Fmedia&parent=47689"}],"wp:term":[{"taxonomy":"category","embeddable":true,"href":"https:\/\/www.egemtv.com\/index.php?rest_route=%2Fwp%2Fv2%2Fcategories&post=47689"},{"taxonomy":"post_tag","embeddable":true,"href":"https:\/\/www.egemtv.com\/index.php?rest_route=%2Fwp%2Fv2%2Ftags&post=47689"}],"curies":[{"name":"wp","href":"https:\/\/api.w.org\/{rel}","templated":true}]}}