{"id":47680,"date":"2025-08-09T10:15:22","date_gmt":"2025-08-09T07:15:22","guid":{"rendered":"https:\/\/www.egemtv.com\/?p=47680"},"modified":"2025-08-09T10:15:22","modified_gmt":"2025-08-09T07:15:22","slug":"izmirde-karada-ve-denizde-23-gocmen-yakalandi","status":"publish","type":"post","link":"https:\/\/www.egemtv.com\/?p=47680","title":{"rendered":"\u0130zmir\u2019de karada ve denizde 23 g\u00f6\u00e7men yakaland\u0131"},"content":{"rendered":"<p>\u0130zmir\u2019in \u00c7e\u015fme il\u00e7esi a\u00e7\u0131klar\u0131nda ve Seferihisar il\u00e7esinde, 23 d\u00fczensiz g\u00f6\u00e7men yakaland\u0131.<br \/>\n<br \/>Sahil G\u00fcvenlik Komutanl\u0131\u011f\u0131 ekipleri, 7 A\u011fustos saat 11.30\u2019da, \u0130zmir ili \u00c7e\u015fme il\u00e7esi a\u00e7\u0131klar\u0131nda lastik bot i\u00e7erisinde bir grup d\u00fczensiz g\u00f6\u00e7men oldu\u011fu bilgisinin al\u0131nmas\u0131 \u00fczerine harekete ge\u00e7ti. Hareketli lastik bot durdurularak i\u00e7erisindeki 1\u2019i \u00e7ocuk 15 d\u00fczensiz g\u00f6\u00e7men yakaland\u0131. Ekipler ayn\u0131 g\u00fcn saat 17.00\u2019de ise Seferihisar il\u00e7esinde kara \u00fczerinde bulunan g\u00f6\u00e7menleri tespit etti. Sahil G\u00fcvenlik Kolluk Destek Timi (Seferihisar\/Koldestim) taraf\u0131ndan kara \u00fczerinde tespit edilen, 3\u2019\u00fc \u00e7ocuk 7 d\u00fczensiz g\u00f6\u00e7men yakaland\u0131.<br \/>\n<br \/>G\u00f6\u00e7menler, sa\u011fl\u0131k kontrolleri ve i\u015flemlerinin ard\u0131ndan \u0130l G\u00f6\u00e7 \u0130daresi M\u00fcd\u00fcrl\u00fc\u011f\u00fc Geri G\u00f6nderme Merkezine sevk edildi.<br \/><\/p>\n","protected":false},"excerpt":{"rendered":"<p>\u0130zmir\u2019in \u00c7e\u015fme il\u00e7esi a\u00e7\u0131klar\u0131nda ve Seferihisar il\u00e7esinde, 23 d\u00fczensiz g\u00f6\u00e7men yakaland\u0131. Sahil G\u00fcvenlik Komutanl\u0131\u011f\u0131 ekipleri, 7 A\u011fustos saat 11.30\u2019da, \u0130zmir ili \u00c7e\u015fme il\u00e7esi a\u00e7\u0131klar\u0131nda lastik bot i\u00e7erisinde bir grup d\u00fczensiz g\u00f6\u00e7men oldu\u011fu bilgisinin al\u0131nmas\u0131 \u00fczerine harekete ge\u00e7ti. Hareketli lastik bot durdurularak i\u00e7erisindeki 1\u2019i \u00e7ocuk 15 d\u00fczensiz g\u00f6\u00e7men yakaland\u0131. Ekipler ayn\u0131 g\u00fcn saat 17.00\u2019de ise Seferihisar&#8230;<\/p>\n","protected":false},"author":1,"featured_media":47681,"comment_status":"open","ping_status":"open","sticky":false,"template":"","format":"standard","meta":{"_crdt_document":"","footnotes":""},"categories":[5],"tags":[],"class_list":["post-47680","post","type-post","status-publish","format-standard","has-post-thumbnail","hentry","category-asayis"],"_links":{"self":[{"href":"https:\/\/www.egemtv.com\/index.php?rest_route=\/wp\/v2\/posts\/47680","targetHints":{"allow":["GET"]}}],"collection":[{"href":"https:\/\/www.egemtv.com\/index.php?rest_route=\/wp\/v2\/posts"}],"about":[{"href":"https:\/\/www.egemtv.com\/index.php?rest_route=\/wp\/v2\/types\/post"}],"author":[{"embeddable":true,"href":"https:\/\/www.egemtv.com\/index.php?rest_route=\/wp\/v2\/users\/1"}],"replies":[{"embeddable":true,"href":"https:\/\/www.egemtv.com\/index.php?rest_route=%2Fwp%2Fv2%2Fcomments&post=47680"}],"version-history":[{"count":1,"href":"https:\/\/www.egemtv.com\/index.php?rest_route=\/wp\/v2\/posts\/47680\/revisions"}],"predecessor-version":[{"id":47682,"href":"https:\/\/www.egemtv.com\/index.php?rest_route=\/wp\/v2\/posts\/47680\/revisions\/47682"}],"wp:featuredmedia":[{"embeddable":true,"href":"https:\/\/www.egemtv.com\/index.php?rest_route=\/wp\/v2\/media\/47681"}],"wp:attachment":[{"href":"https:\/\/www.egemtv.com\/index.php?rest_route=%2Fwp%2Fv2%2Fmedia&parent=47680"}],"wp:term":[{"taxonomy":"category","embeddable":true,"href":"https:\/\/www.egemtv.com\/index.php?rest_route=%2Fwp%2Fv2%2Fcategories&post=47680"},{"taxonomy":"post_tag","embeddable":true,"href":"https:\/\/www.egemtv.com\/index.php?rest_route=%2Fwp%2Fv2%2Ftags&post=47680"}],"curies":[{"name":"wp","href":"https:\/\/api.w.org\/{rel}","templated":true}]}}