{"id":47677,"date":"2025-08-09T10:15:21","date_gmt":"2025-08-09T07:15:21","guid":{"rendered":"https:\/\/www.egemtv.com\/?p=47677"},"modified":"2025-08-09T10:15:22","modified_gmt":"2025-08-09T07:15:22","slug":"kutahyada-hemsehri-bulusmalari-basladi","status":"publish","type":"post","link":"https:\/\/www.egemtv.com\/?p=47677","title":{"rendered":"K\u00fctahya\u2019da \u2019Hem\u015fehri Bulu\u015fmalar\u0131\u2019 ba\u015flad\u0131"},"content":{"rendered":"<p>AK Parti K\u00fctahya \u0130l Ba\u015fkanl\u0131\u011f\u0131 taraf\u0131ndan d\u00fczenlenen &#8220;Hem\u015fehri Bulu\u015fmalar\u0131&#8221; programlar\u0131 ba\u015flad\u0131.<br \/>\n<br \/>Milletvekilleri ile vatanda\u015flar\u0131 bir araya getiren etkinliklerin ilki, AK Parti K\u00fctahya Milletvekili Mehmet Demir\u2019in kat\u0131l\u0131m\u0131yla parti binas\u0131nda ger\u00e7ekle\u015ftirildi.<br \/>\n<br \/>Program kapsam\u0131nda Mehmet Demir, vatanda\u015flar\u0131n talep ve ihtiya\u00e7lar\u0131n\u0131 do\u011frudan dinledi. AK Parti \u0130l Ba\u015fkanl\u0131\u011f\u0131, bulu\u015fmalar\u0131n TBMM\u2019nin tatil oldu\u011fu s\u00fcre i\u00e7inde her hafta Cuma g\u00fcnleri bir milletvekilinin kat\u0131l\u0131m\u0131yla devam edece\u011fini duyurdu.<br \/><\/p>\n","protected":false},"excerpt":{"rendered":"<p>AK Parti K\u00fctahya \u0130l Ba\u015fkanl\u0131\u011f\u0131 taraf\u0131ndan d\u00fczenlenen &#8220;Hem\u015fehri Bulu\u015fmalar\u0131&#8221; programlar\u0131 ba\u015flad\u0131. Milletvekilleri ile vatanda\u015flar\u0131 bir araya getiren etkinliklerin ilki, AK Parti K\u00fctahya Milletvekili Mehmet Demir\u2019in kat\u0131l\u0131m\u0131yla parti binas\u0131nda ger\u00e7ekle\u015ftirildi. Program kapsam\u0131nda Mehmet Demir, vatanda\u015flar\u0131n talep ve ihtiya\u00e7lar\u0131n\u0131 do\u011frudan dinledi. AK Parti \u0130l Ba\u015fkanl\u0131\u011f\u0131, bulu\u015fmalar\u0131n TBMM\u2019nin tatil oldu\u011fu s\u00fcre i\u00e7inde her hafta Cuma g\u00fcnleri bir milletvekilinin&#8230;<\/p>\n","protected":false},"author":1,"featured_media":47678,"comment_status":"open","ping_status":"open","sticky":false,"template":"","format":"standard","meta":{"_crdt_document":"","footnotes":""},"categories":[127],"tags":[],"class_list":["post-47677","post","type-post","status-publish","format-standard","has-post-thumbnail","hentry","category-siyaset"],"_links":{"self":[{"href":"https:\/\/www.egemtv.com\/index.php?rest_route=\/wp\/v2\/posts\/47677","targetHints":{"allow":["GET"]}}],"collection":[{"href":"https:\/\/www.egemtv.com\/index.php?rest_route=\/wp\/v2\/posts"}],"about":[{"href":"https:\/\/www.egemtv.com\/index.php?rest_route=\/wp\/v2\/types\/post"}],"author":[{"embeddable":true,"href":"https:\/\/www.egemtv.com\/index.php?rest_route=\/wp\/v2\/users\/1"}],"replies":[{"embeddable":true,"href":"https:\/\/www.egemtv.com\/index.php?rest_route=%2Fwp%2Fv2%2Fcomments&post=47677"}],"version-history":[{"count":1,"href":"https:\/\/www.egemtv.com\/index.php?rest_route=\/wp\/v2\/posts\/47677\/revisions"}],"predecessor-version":[{"id":47679,"href":"https:\/\/www.egemtv.com\/index.php?rest_route=\/wp\/v2\/posts\/47677\/revisions\/47679"}],"wp:featuredmedia":[{"embeddable":true,"href":"https:\/\/www.egemtv.com\/index.php?rest_route=\/wp\/v2\/media\/47678"}],"wp:attachment":[{"href":"https:\/\/www.egemtv.com\/index.php?rest_route=%2Fwp%2Fv2%2Fmedia&parent=47677"}],"wp:term":[{"taxonomy":"category","embeddable":true,"href":"https:\/\/www.egemtv.com\/index.php?rest_route=%2Fwp%2Fv2%2Fcategories&post=47677"},{"taxonomy":"post_tag","embeddable":true,"href":"https:\/\/www.egemtv.com\/index.php?rest_route=%2Fwp%2Fv2%2Ftags&post=47677"}],"curies":[{"name":"wp","href":"https:\/\/api.w.org\/{rel}","templated":true}]}}