{"id":47674,"date":"2025-08-09T10:15:21","date_gmt":"2025-08-09T07:15:21","guid":{"rendered":"https:\/\/www.egemtv.com\/?p=47674"},"modified":"2025-08-09T10:15:21","modified_gmt":"2025-08-09T07:15:21","slug":"kutahyada-spor-altyapi-calismalari-suruyor","status":"publish","type":"post","link":"https:\/\/www.egemtv.com\/?p=47674","title":{"rendered":"K\u00fctahya\u2019da spor altyap\u0131 \u00e7al\u0131\u015fmalar\u0131 s\u00fcr\u00fcyor"},"content":{"rendered":"<p>K\u00fctahya Gen\u00e7lik ve Spor \u0130l M\u00fcd\u00fcr\u00fc B\u00fclent K\u00fc\u00e7\u00fck, kentte spor altyap\u0131s\u0131n\u0131 g\u00fc\u00e7lendirmeye y\u00f6nelik \u00e7al\u0131\u015fmalar\u0131n h\u0131z kesmeden devam etti\u011fini a\u00e7\u0131klad\u0131.<br \/>\n<br \/>AK Parti K\u00fctahya Milletvekili \u0130smail \u00c7a\u011flar Bay\u0131rc\u0131 ile AK Parti K\u00fctahya Merkez \u0130l\u00e7e Ba\u015fkan\u0131 Murat Af\u015far\u00fcnal, Vefa Futbol Sahas\u0131 ve Halil Akka\u015f Atletizm Stad\u0131\u2019nda y\u00fcr\u00fct\u00fclen \u00e7al\u0131\u015fmalar\u0131 yerinde inceleyerek yetkililerden bilgi ald\u0131.<br \/>\n<br \/>Modern ve donan\u0131ml\u0131 altyap\u0131s\u0131yla kente de\u011fer katacak projelerin, gen\u00e7lerin yeteneklerini sergileyebilece\u011fi ve sa\u011fl\u0131kl\u0131 bireyler olarak yeti\u015fece\u011fi alanlar olu\u015fturaca\u011f\u0131n\u0131 belirten \u0130l M\u00fcd\u00fcr\u00fc K\u00fc\u00e7\u00fck, &#8220;Sporun kalbi K\u00fctahya\u2019m\u0131zda at\u0131yor. Gen\u00e7li\u011fe, spora ve gelece\u011fe olan inanc\u0131m\u0131zla \u00e7al\u0131\u015fmalar\u0131m\u0131za kararl\u0131l\u0131kla devam ediyoruz&#8221; dedi.<br \/><\/p>\n","protected":false},"excerpt":{"rendered":"<p>K\u00fctahya Gen\u00e7lik ve Spor \u0130l M\u00fcd\u00fcr\u00fc B\u00fclent K\u00fc\u00e7\u00fck, kentte spor altyap\u0131s\u0131n\u0131 g\u00fc\u00e7lendirmeye y\u00f6nelik \u00e7al\u0131\u015fmalar\u0131n h\u0131z kesmeden devam etti\u011fini a\u00e7\u0131klad\u0131. AK Parti K\u00fctahya Milletvekili \u0130smail \u00c7a\u011flar Bay\u0131rc\u0131 ile AK Parti K\u00fctahya Merkez \u0130l\u00e7e Ba\u015fkan\u0131 Murat Af\u015far\u00fcnal, Vefa Futbol Sahas\u0131 ve Halil Akka\u015f Atletizm Stad\u0131\u2019nda y\u00fcr\u00fct\u00fclen \u00e7al\u0131\u015fmalar\u0131 yerinde inceleyerek yetkililerden bilgi ald\u0131. Modern ve donan\u0131ml\u0131 altyap\u0131s\u0131yla kente&#8230;<\/p>\n","protected":false},"author":1,"featured_media":47675,"comment_status":"open","ping_status":"open","sticky":false,"template":"","format":"standard","meta":{"_crdt_document":"","footnotes":""},"categories":[4],"tags":[],"class_list":["post-47674","post","type-post","status-publish","format-standard","has-post-thumbnail","hentry","category-spor"],"_links":{"self":[{"href":"https:\/\/www.egemtv.com\/index.php?rest_route=\/wp\/v2\/posts\/47674","targetHints":{"allow":["GET"]}}],"collection":[{"href":"https:\/\/www.egemtv.com\/index.php?rest_route=\/wp\/v2\/posts"}],"about":[{"href":"https:\/\/www.egemtv.com\/index.php?rest_route=\/wp\/v2\/types\/post"}],"author":[{"embeddable":true,"href":"https:\/\/www.egemtv.com\/index.php?rest_route=\/wp\/v2\/users\/1"}],"replies":[{"embeddable":true,"href":"https:\/\/www.egemtv.com\/index.php?rest_route=%2Fwp%2Fv2%2Fcomments&post=47674"}],"version-history":[{"count":1,"href":"https:\/\/www.egemtv.com\/index.php?rest_route=\/wp\/v2\/posts\/47674\/revisions"}],"predecessor-version":[{"id":47676,"href":"https:\/\/www.egemtv.com\/index.php?rest_route=\/wp\/v2\/posts\/47674\/revisions\/47676"}],"wp:featuredmedia":[{"embeddable":true,"href":"https:\/\/www.egemtv.com\/index.php?rest_route=\/wp\/v2\/media\/47675"}],"wp:attachment":[{"href":"https:\/\/www.egemtv.com\/index.php?rest_route=%2Fwp%2Fv2%2Fmedia&parent=47674"}],"wp:term":[{"taxonomy":"category","embeddable":true,"href":"https:\/\/www.egemtv.com\/index.php?rest_route=%2Fwp%2Fv2%2Fcategories&post=47674"},{"taxonomy":"post_tag","embeddable":true,"href":"https:\/\/www.egemtv.com\/index.php?rest_route=%2Fwp%2Fv2%2Ftags&post=47674"}],"curies":[{"name":"wp","href":"https:\/\/api.w.org\/{rel}","templated":true}]}}