{"id":47668,"date":"2025-08-09T09:35:48","date_gmt":"2025-08-09T06:35:48","guid":{"rendered":"https:\/\/www.egemtv.com\/?p=47668"},"modified":"2025-08-09T09:35:49","modified_gmt":"2025-08-09T06:35:49","slug":"aydinda-1-ayda-147-duzensiz-gocmen-kurtarildi","status":"publish","type":"post","link":"https:\/\/www.egemtv.com\/?p=47668","title":{"rendered":"Ayd\u0131n\u2019da 1 ayda 147 d\u00fczensiz g\u00f6\u00e7men kurtar\u0131ld\u0131"},"content":{"rendered":"<p>Ayd\u0131n\u2019da, Sahil G\u00fcvenlik Komutanl\u0131\u011f\u0131 koordinesinde y\u00fcr\u00fct\u00fclen \u00e7al\u0131\u015fmalar \u00e7er\u00e7evesinde Temmuz ay\u0131 i\u00e7erisinde, Yunanistan taraf\u0131ndan geri itilen 21\u2019i \u00e7ocuk toplam 147 d\u00fczensiz g\u00f6\u00e7men kurtar\u0131ld\u0131.<\/p>\n<p>Ayd\u0131n\u2019\u0131n Didim ve Ku\u015fadas\u0131 a\u00e7\u0131klar\u0131ndan lastik bot veya can sallar\u0131 ile Yunanistan\u2019a ge\u00e7meye \u00e7al\u0131\u015fan d\u00fczensiz g\u00f6\u00e7menlere y\u00f6nelik \u00e7al\u0131\u015fmalar aral\u0131ks\u0131z devam ediyor. Yunan sahil g\u00fcvenli\u011fi taraf\u0131ndan geri itilerek \u00f6l\u00fcme terk edilen d\u00fczensiz g\u00f6\u00e7menler i\u00e7in yap\u0131lan \u00e7al\u0131\u015fmalar, Temmuz ay\u0131nda da h\u0131z kesmezken, 1-31 Temmuz tarihleri aras\u0131nda toplam 21\u2019i \u00e7ocuk 147 d\u00fczensiz g\u00f6\u00e7men kurtar\u0131ld\u0131. Son 1 ayda toplam 6 olay meydana gelirken, kurtar\u0131lan 147 d\u00fczensiz g\u00f6\u00e7men ise sa\u011fl\u0131k kontrollerinin ard\u0131ndan Ayd\u0131n D\u00fczensiz G\u00f6\u00e7men \u00d6n Kabul ve Sevk Merkezi\u2019ne (G\u00d6KSEM) teslim edildi.<\/p>\n<p>Sahil G\u00fcvenlik Komutanl\u0131\u011f\u0131 verilerine g\u00f6re Ayd\u0131n\u2019da 1 Temmuz\u2019da Ku\u015fadas\u0131 a\u00e7\u0131klar\u0131nda 6\u2019s\u0131 \u00e7ocuk 34 d\u00fczensiz g\u00f6\u00e7men kurtar\u0131ld\u0131. 4 Temmuz\u2019da Ku\u015fadas\u0131 a\u00e7\u0131klar\u0131nda 3\u2019\u00fc \u00e7ocuk 25 d\u00fczensiz g\u00f6\u00e7men kurtar\u0131ld\u0131. 21 Temmuz\u2019da Ku\u015fadas\u0131 a\u00e7\u0131klar\u0131nda 5\u2019i \u00e7ocuk 27 d\u00fczensiz g\u00f6\u00e7men kurtar\u0131ld\u0131. 27 Temmuz\u2019da Ku\u015fadas\u0131 a\u00e7\u0131klar\u0131nda 7\u2019si \u00e7ocuk 22 d\u00fczensiz g\u00f6\u00e7men kurtar\u0131ld\u0131. 29 Temmuz\u2019da Ku\u015fadas\u0131 a\u00e7\u0131klar\u0131nda 18 d\u00fczensiz g\u00f6\u00e7men kurtar\u0131ld\u0131. 31 Temmuz\u2019da Ku\u015fadas\u0131 a\u00e7\u0131klar\u0131nda 21 d\u00fczensiz g\u00f6\u00e7men kurtar\u0131ld\u0131.<br \/><\/p>\n","protected":false},"excerpt":{"rendered":"<p>Ayd\u0131n\u2019da, Sahil G\u00fcvenlik Komutanl\u0131\u011f\u0131 koordinesinde y\u00fcr\u00fct\u00fclen \u00e7al\u0131\u015fmalar \u00e7er\u00e7evesinde Temmuz ay\u0131 i\u00e7erisinde, Yunanistan taraf\u0131ndan geri itilen 21\u2019i \u00e7ocuk toplam 147 d\u00fczensiz g\u00f6\u00e7men kurtar\u0131ld\u0131. Ayd\u0131n\u2019\u0131n Didim ve Ku\u015fadas\u0131 a\u00e7\u0131klar\u0131ndan lastik bot veya can sallar\u0131 ile Yunanistan\u2019a ge\u00e7meye \u00e7al\u0131\u015fan d\u00fczensiz g\u00f6\u00e7menlere y\u00f6nelik \u00e7al\u0131\u015fmalar aral\u0131ks\u0131z devam ediyor. Yunan sahil g\u00fcvenli\u011fi taraf\u0131ndan geri itilerek \u00f6l\u00fcme terk edilen d\u00fczensiz g\u00f6\u00e7menler i\u00e7in&#8230;<\/p>\n","protected":false},"author":1,"featured_media":47669,"comment_status":"open","ping_status":"open","sticky":false,"template":"","format":"standard","meta":{"_crdt_document":"","footnotes":""},"categories":[5],"tags":[],"class_list":["post-47668","post","type-post","status-publish","format-standard","has-post-thumbnail","hentry","category-asayis"],"_links":{"self":[{"href":"https:\/\/www.egemtv.com\/index.php?rest_route=\/wp\/v2\/posts\/47668","targetHints":{"allow":["GET"]}}],"collection":[{"href":"https:\/\/www.egemtv.com\/index.php?rest_route=\/wp\/v2\/posts"}],"about":[{"href":"https:\/\/www.egemtv.com\/index.php?rest_route=\/wp\/v2\/types\/post"}],"author":[{"embeddable":true,"href":"https:\/\/www.egemtv.com\/index.php?rest_route=\/wp\/v2\/users\/1"}],"replies":[{"embeddable":true,"href":"https:\/\/www.egemtv.com\/index.php?rest_route=%2Fwp%2Fv2%2Fcomments&post=47668"}],"version-history":[{"count":1,"href":"https:\/\/www.egemtv.com\/index.php?rest_route=\/wp\/v2\/posts\/47668\/revisions"}],"predecessor-version":[{"id":47670,"href":"https:\/\/www.egemtv.com\/index.php?rest_route=\/wp\/v2\/posts\/47668\/revisions\/47670"}],"wp:featuredmedia":[{"embeddable":true,"href":"https:\/\/www.egemtv.com\/index.php?rest_route=\/wp\/v2\/media\/47669"}],"wp:attachment":[{"href":"https:\/\/www.egemtv.com\/index.php?rest_route=%2Fwp%2Fv2%2Fmedia&parent=47668"}],"wp:term":[{"taxonomy":"category","embeddable":true,"href":"https:\/\/www.egemtv.com\/index.php?rest_route=%2Fwp%2Fv2%2Fcategories&post=47668"},{"taxonomy":"post_tag","embeddable":true,"href":"https:\/\/www.egemtv.com\/index.php?rest_route=%2Fwp%2Fv2%2Ftags&post=47668"}],"curies":[{"name":"wp","href":"https:\/\/api.w.org\/{rel}","templated":true}]}}