{"id":47659,"date":"2025-08-09T08:54:36","date_gmt":"2025-08-09T05:54:36","guid":{"rendered":"https:\/\/www.egemtv.com\/?p=47659"},"modified":"2025-08-09T08:54:37","modified_gmt":"2025-08-09T05:54:37","slug":"maski-salihlide-40-yillik-icme-suyu-altyapisini-yeniliyor","status":"publish","type":"post","link":"https:\/\/www.egemtv.com\/?p=47659","title":{"rendered":"MASK\u0130, Salihli\u2019de 40 y\u0131ll\u0131k i\u00e7me suyu altyap\u0131s\u0131n\u0131 yeniliyor"},"content":{"rendered":"<p>Manisa B\u00fcy\u00fck\u015fehir Belediyesi, Salihli il\u00e7esine ba\u011fl\u0131 Kurttutan Mahallesi\u2019nde 4 bin 600 metrelik i\u00e7me suyu ve \u015febeke hatt\u0131n\u0131 yenileme \u00e7al\u0131\u015fmas\u0131nda sona yakla\u015ft\u0131. Yap\u0131lan \u00e7al\u0131\u015fma ile 40 y\u0131l \u00f6nce d\u00f6\u015fenen hatlardan kaynakl\u0131 ya\u015fanan s\u0131k\u0131nt\u0131lar sona erecek.<br \/>\n<br \/>Manisa Su ve Kanalizasyon \u0130daresi (MASK\u0130) Genel M\u00fcd\u00fcrl\u00fc\u011f\u00fc, il genelindeki yat\u0131r\u0131mlar\u0131na t\u00fcm h\u0131z\u0131yla devam ediyor. Program dahilinde \u00e7al\u0131\u015fmalar\u0131na devam eden MASK\u0130 Genel M\u00fcd\u00fcrl\u00fc\u011f\u00fc \u0130\u00e7me Suyu Dairesi Ba\u015fkanl\u0131\u011f\u0131, Salihli il\u00e7esi Kurttutan Mahallesi\u2019nde 40 y\u0131l \u00f6nce d\u00f6\u015fenen, g\u00fcn\u00fcm\u00fcz \u015fartlar\u0131nda eskiyen altyap\u0131n\u0131n yenilenmesi projesine t\u00fcm h\u0131z\u0131yla devam ediyor. Sona yakla\u015f\u0131lan, 4 bin 600 metrelik i\u00e7me suyu \u015febeke ve isale hatt\u0131 yenileme \u00e7al\u0131\u015fmas\u0131 dolay\u0131s\u0131yla Manisa B\u00fcy\u00fck\u015fehir Belediye Ba\u015fkan\u0131 Besim Dutlulu ve ekibine te\u015fekk\u00fcrlerini ileten mahalle sakinleri, \u00e7al\u0131\u015fman\u0131n tamamlanmas\u0131yla sorun ya\u015famayacaklar\u0131n\u0131 ifade etti.<\/p>\n<p>&#8220;Vatanda\u015flar\u0131m\u0131z sa\u011fl\u0131kl\u0131 suya ula\u015facak&#8221;<br \/>\n<br \/>Kurttutan Mahallesi\u2019nde yap\u0131lan \u00e7al\u0131\u015fman\u0131n \u00f6nemine de\u011finen Salihli Belediye Ba\u015fkan\u0131 Mazlum Nurlu, &#8220;B\u00fcy\u00fck\u015fehir Belediye Ba\u015fkan\u0131 Besim Dutlulu\u2019nun katk\u0131lar\u0131yla Kurttutan Mahallesi\u2019nde yakla\u015f\u0131k 4 bin 600 metrelik isale ve \u015febeke hatt\u0131 yenileniyor. Vatanda\u015flar\u0131m\u0131z art\u0131k daha sa\u011fl\u0131kl\u0131 suya ula\u015f\u0131lacak. Yapt\u0131klar\u0131 \u00e7al\u0131\u015fmalardan dolay\u0131 Manisa B\u00fcy\u00fck\u015fehir Belediye Ba\u015fkan\u0131 Besim Dutlulu ve ekibine te\u015fekk\u00fcr ediyorum. Salihli\u2019ye hay\u0131rl\u0131 olsun&#8221; dedi.<\/p>\n<p>&#8220;40 y\u0131ll\u0131k altyap\u0131y\u0131 kullan\u0131yorduk&#8221;<br \/>\n<br \/>B\u00fcy\u00fck\u015fehir Belediyesi taraf\u0131ndan yap\u0131lan \u00e7al\u0131\u015fman\u0131n mahalleleri ad\u0131na \u00e7ok \u00f6nemli oldu\u011funa vurgu yapan Kurttutan Mahalle Muhtar\u0131 S\u00fcleyman Kara, &#8220;Altyap\u0131m\u0131z s\u00fcrekli t\u0131kan\u0131yor ve patlak oluyordu. 40 y\u0131ll\u0131k eski bir hat kullan\u0131yorduk. \u00c7al\u0131\u015fma ile sa\u011fl\u0131kl\u0131 suya kavu\u015faca\u011f\u0131z. Mazlum Nurlu ba\u015fkan\u0131m\u0131z\u0131n \u00e7ok eme\u011fi var. Besim Dutlulu ba\u015fkan\u0131m\u0131za da te\u015fekk\u00fcrlerimizi sunuyoruz. Mahallem ad\u0131na da te\u015fekk\u00fcr ediyorum&#8221; diye konu\u015ftu.<\/p>\n<p>&#8220;\u00dcst kesimlerin su s\u0131k\u0131nt\u0131s\u0131 sona erecek&#8221;<br \/>\n<br \/>Mahallenin \u00fcst taraflar\u0131nda oturan vatanda\u015flar\u0131n su sorununun \u00e7\u00f6z\u00fcme kavu\u015faca\u011f\u0131n\u0131 belirten mahalle sakinlerinden Hasan \u00d6zer, &#8220;\u00dcst kesimlere su \u00e7\u0131kam\u0131yordu. Borular\u0131n eski olmas\u0131ndan dolay\u0131 t\u0131kanma \u00e7ok oluyordu. \u00dcst kesimlerde oturanlarda \u015fikayet oluyordu. Bu sorunlar\u0131m\u0131z\u0131 B\u00fcy\u00fck\u015fehir Belediyesi\u2019ne ilettik. Besim Dutlulu ba\u015fkan\u0131m\u0131z\u0131n talimat\u0131yla \u00e7al\u0131\u015fmalar yap\u0131ld\u0131. \u0130n\u015fallah \u00fcst kesimlerde oturan vatanda\u015flar\u0131m\u0131z\u0131n sorunlar\u0131 \u00e7\u00f6z\u00fcme kavu\u015facak&#8221; dedi.<br \/>\n<br \/>Bir di\u011fer mahalle sakini Nuriye \u015eent\u00fcrk ise \u015funlar\u0131 s\u00f6yledi; &#8220;Suyumuz akm\u0131yordu. Gece aksa g\u00fcnd\u00fcz akm\u0131yordu. \u00c7ok az geliyordu, makineleri \u00e7al\u0131\u015ft\u0131ram\u0131yorduk. \u0130n\u015fallah iyi olur. Bizim i\u00e7in u\u011fra\u015ft\u0131klar\u0131 i\u00e7in \u00e7ok te\u015fekk\u00fcr ederiz.<\/p>\n<p>&#8220;Bas\u0131n\u00e7 d\u00fc\u015f\u00fckl\u00fckleri son bulacak&#8221;<br \/>\n<br \/>Yap\u0131lan \u00e7al\u0131\u015fma hakk\u0131nda bilgi veren MASK\u0130 Salihli \u0130l\u00e7e \u015eefi L\u00fctfi Ers\u00f6z, &#8220;Kurttutan mahallemizin muhtelif b\u00f6lgesinde i\u00e7me suyu \u015febeke hatt\u0131nda olan s\u0131k\u0131nt\u0131 nedeniyle yenileme \u00e7al\u0131\u015fmas\u0131 yap\u0131l\u0131yor. 4 bin 600 metrelik i\u00e7me suyu isale hatt\u0131 ve \u015febeke hatt\u0131 yenilenmi\u015f olacak. \u00c7al\u0131\u015fmalar\u0131m\u0131z mahallemizde devam edecek ve mahallemizde 2 bin 800 metre bir hat d\u00f6\u015feme i\u015fi daha yapaca\u011f\u0131z. \u015eebeke hatlar\u0131ndan kaynakl\u0131 bas\u0131n\u00e7 d\u00fc\u015f\u00fckl\u00fckleri bu i\u015fle son bulacak. B\u00fcy\u00fck\u015fehir Belediye Ba\u015fkan\u0131 Besim Dutlulu\u2019ya te\u015fekk\u00fcr ediyoruz. \u00c7al\u0131\u015fman\u0131n mahallemize hay\u0131rl\u0131 olmas\u0131n\u0131 diliyorum&#8221; dedi.<br \/><\/p>\n","protected":false},"excerpt":{"rendered":"<p>Manisa B\u00fcy\u00fck\u015fehir Belediyesi, Salihli il\u00e7esine ba\u011fl\u0131 Kurttutan Mahallesi\u2019nde 4 bin 600 metrelik i\u00e7me suyu ve \u015febeke hatt\u0131n\u0131 yenileme \u00e7al\u0131\u015fmas\u0131nda sona yakla\u015ft\u0131. Yap\u0131lan \u00e7al\u0131\u015fma ile 40 y\u0131l \u00f6nce d\u00f6\u015fenen hatlardan kaynakl\u0131 ya\u015fanan s\u0131k\u0131nt\u0131lar sona erecek. Manisa Su ve Kanalizasyon \u0130daresi (MASK\u0130) Genel M\u00fcd\u00fcrl\u00fc\u011f\u00fc, il genelindeki yat\u0131r\u0131mlar\u0131na t\u00fcm h\u0131z\u0131yla devam ediyor. Program dahilinde \u00e7al\u0131\u015fmalar\u0131na devam eden MASK\u0130&#8230;<\/p>\n","protected":false},"author":1,"featured_media":47660,"comment_status":"open","ping_status":"open","sticky":false,"template":"","format":"standard","meta":{"_crdt_document":"","footnotes":""},"categories":[125],"tags":[],"class_list":["post-47659","post","type-post","status-publish","format-standard","has-post-thumbnail","hentry","category-ekonomi"],"_links":{"self":[{"href":"https:\/\/www.egemtv.com\/index.php?rest_route=\/wp\/v2\/posts\/47659","targetHints":{"allow":["GET"]}}],"collection":[{"href":"https:\/\/www.egemtv.com\/index.php?rest_route=\/wp\/v2\/posts"}],"about":[{"href":"https:\/\/www.egemtv.com\/index.php?rest_route=\/wp\/v2\/types\/post"}],"author":[{"embeddable":true,"href":"https:\/\/www.egemtv.com\/index.php?rest_route=\/wp\/v2\/users\/1"}],"replies":[{"embeddable":true,"href":"https:\/\/www.egemtv.com\/index.php?rest_route=%2Fwp%2Fv2%2Fcomments&post=47659"}],"version-history":[{"count":1,"href":"https:\/\/www.egemtv.com\/index.php?rest_route=\/wp\/v2\/posts\/47659\/revisions"}],"predecessor-version":[{"id":47661,"href":"https:\/\/www.egemtv.com\/index.php?rest_route=\/wp\/v2\/posts\/47659\/revisions\/47661"}],"wp:featuredmedia":[{"embeddable":true,"href":"https:\/\/www.egemtv.com\/index.php?rest_route=\/wp\/v2\/media\/47660"}],"wp:attachment":[{"href":"https:\/\/www.egemtv.com\/index.php?rest_route=%2Fwp%2Fv2%2Fmedia&parent=47659"}],"wp:term":[{"taxonomy":"category","embeddable":true,"href":"https:\/\/www.egemtv.com\/index.php?rest_route=%2Fwp%2Fv2%2Fcategories&post=47659"},{"taxonomy":"post_tag","embeddable":true,"href":"https:\/\/www.egemtv.com\/index.php?rest_route=%2Fwp%2Fv2%2Ftags&post=47659"}],"curies":[{"name":"wp","href":"https:\/\/api.w.org\/{rel}","templated":true}]}}