{"id":47656,"date":"2025-08-09T08:54:35","date_gmt":"2025-08-09T05:54:35","guid":{"rendered":"https:\/\/www.egemtv.com\/?p=47656"},"modified":"2025-08-09T08:54:36","modified_gmt":"2025-08-09T05:54:36","slug":"96-yasinda-azmiyle-genclere-tas-cikartiyor","status":"publish","type":"post","link":"https:\/\/www.egemtv.com\/?p=47656","title":{"rendered":"96 ya\u015f\u0131nda, azmiyle gen\u00e7lere ta\u015f \u00e7\u0131kart\u0131yor"},"content":{"rendered":"<p>Manisa\u2019n\u0131n Sar\u0131g\u00f6l il\u00e7esine ba\u011fl\u0131 A\u015fa\u011f\u0131ko\u00e7aklar Mahallesi\u2019nde ya\u015fayan 96 ya\u015f\u0131ndaki Fatma Dereli, ilerleyen ya\u015f\u0131na ra\u011fmen k\u0131\u015fl\u0131k yiyeceklerini kimseye b\u0131rakmadan kendi elleriyle haz\u0131rl\u0131yor.<br \/>\n<br \/>Yaz aylar\u0131nda taze olarak temin etti\u011fi sebzeleri kurutarak k\u0131\u015fa haz\u0131rl\u0131k yapan Fatma Dereli, &#8220;\u015eimdilerde patl\u0131can kurusu ve dolmal\u0131k kurutuyorum. Biberlerimi de kurutuyorum. Bamya kurusu ve di\u011fer k\u0131\u015fl\u0131klar\u0131m\u0131 haz\u0131rl\u0131yorum. Bu i\u015fler bana me\u015fgale oluyor. Konserve yapm\u0131yorum. \u0130lerleyen g\u00fcnlerde domates sal\u00e7am\u0131 da yapaca\u011f\u0131m.&#8221; dedi.<br \/>\n<br \/>Fatma Dereli\u2019nin \u00e7al\u0131\u015fkanl\u0131\u011f\u0131n\u0131 g\u00f6ren mahalle sakinleri ise hayranl\u0131kla izliyor, baz\u0131lar\u0131 da kendisine yard\u0131mc\u0131 oluyor. K\u0131z\u0131 G\u00fclseren\u2019in yan\u0131nda ya\u015fayan Fatma Dereli, &#8220;K\u0131z\u0131m bana \u00e7ok iyi bak\u0131yor ama k\u0131\u015fl\u0131klar\u0131m\u0131 kendi bildi\u011fim \u015fekilde yap\u0131yorum.&#8221; diye konu\u015ftu.<br \/>\n<br \/>A\u015fa\u011f\u0131ko\u00e7aklar Mahallesi Muhtar\u0131 Ercan Akdeniz ise Fatma Dereli\u2019nin her se\u00e7imde mutlaka sand\u0131k ba\u015f\u0131na giderek oyunu kulland\u0131\u011f\u0131n\u0131 belirterek, &#8220;K\u0131\u015fl\u0131k yiyeceklerini de y\u0131llard\u0131r kendi bildi\u011fi gibi haz\u0131rlar.&#8221; dedi. Muhtar Akdeniz, Dereli\u2019nin n\u00fcfus c\u00fczdan\u0131nda ya\u015f\u0131n\u0131n 96 olarak g\u00f6r\u00fcnd\u00fc\u011f\u00fcn\u00fc ancak ger\u00e7ek ya\u015f\u0131n\u0131n 100\u2019\u00fcn \u00fczerinde oldu\u011funu da s\u00f6zlerine ekledi.<br \/><\/p>\n","protected":false},"excerpt":{"rendered":"<p>Manisa\u2019n\u0131n Sar\u0131g\u00f6l il\u00e7esine ba\u011fl\u0131 A\u015fa\u011f\u0131ko\u00e7aklar Mahallesi\u2019nde ya\u015fayan 96 ya\u015f\u0131ndaki Fatma Dereli, ilerleyen ya\u015f\u0131na ra\u011fmen k\u0131\u015fl\u0131k yiyeceklerini kimseye b\u0131rakmadan kendi elleriyle haz\u0131rl\u0131yor. Yaz aylar\u0131nda taze olarak temin etti\u011fi sebzeleri kurutarak k\u0131\u015fa haz\u0131rl\u0131k yapan Fatma Dereli, &#8220;\u015eimdilerde patl\u0131can kurusu ve dolmal\u0131k kurutuyorum. Biberlerimi de kurutuyorum. Bamya kurusu ve di\u011fer k\u0131\u015fl\u0131klar\u0131m\u0131 haz\u0131rl\u0131yorum. Bu i\u015fler bana me\u015fgale oluyor. Konserve&#8230;<\/p>\n","protected":false},"author":1,"featured_media":47657,"comment_status":"open","ping_status":"open","sticky":false,"template":"","format":"standard","meta":{"_crdt_document":"","footnotes":""},"categories":[123],"tags":[],"class_list":["post-47656","post","type-post","status-publish","format-standard","has-post-thumbnail","hentry","category-gundem"],"_links":{"self":[{"href":"https:\/\/www.egemtv.com\/index.php?rest_route=\/wp\/v2\/posts\/47656","targetHints":{"allow":["GET"]}}],"collection":[{"href":"https:\/\/www.egemtv.com\/index.php?rest_route=\/wp\/v2\/posts"}],"about":[{"href":"https:\/\/www.egemtv.com\/index.php?rest_route=\/wp\/v2\/types\/post"}],"author":[{"embeddable":true,"href":"https:\/\/www.egemtv.com\/index.php?rest_route=\/wp\/v2\/users\/1"}],"replies":[{"embeddable":true,"href":"https:\/\/www.egemtv.com\/index.php?rest_route=%2Fwp%2Fv2%2Fcomments&post=47656"}],"version-history":[{"count":1,"href":"https:\/\/www.egemtv.com\/index.php?rest_route=\/wp\/v2\/posts\/47656\/revisions"}],"predecessor-version":[{"id":47658,"href":"https:\/\/www.egemtv.com\/index.php?rest_route=\/wp\/v2\/posts\/47656\/revisions\/47658"}],"wp:featuredmedia":[{"embeddable":true,"href":"https:\/\/www.egemtv.com\/index.php?rest_route=\/wp\/v2\/media\/47657"}],"wp:attachment":[{"href":"https:\/\/www.egemtv.com\/index.php?rest_route=%2Fwp%2Fv2%2Fmedia&parent=47656"}],"wp:term":[{"taxonomy":"category","embeddable":true,"href":"https:\/\/www.egemtv.com\/index.php?rest_route=%2Fwp%2Fv2%2Fcategories&post=47656"},{"taxonomy":"post_tag","embeddable":true,"href":"https:\/\/www.egemtv.com\/index.php?rest_route=%2Fwp%2Fv2%2Ftags&post=47656"}],"curies":[{"name":"wp","href":"https:\/\/api.w.org\/{rel}","templated":true}]}}