{"id":47650,"date":"2025-08-09T06:35:36","date_gmt":"2025-08-09T03:35:36","guid":{"rendered":"https:\/\/www.egemtv.com\/?p=47650"},"modified":"2025-08-09T06:35:36","modified_gmt":"2025-08-09T03:35:36","slug":"turgutlu-zabitasindan-kaldirim-isgali-denetimi","status":"publish","type":"post","link":"https:\/\/www.egemtv.com\/?p=47650","title":{"rendered":"Turgutlu Zab\u0131tas\u0131ndan kald\u0131r\u0131m i\u015fgali denetimi"},"content":{"rendered":"<p>Turgutlu Belediyesi Zab\u0131ta M\u00fcd\u00fcrl\u00fc\u011f\u00fc ekipleri, kald\u0131r\u0131mlar\u0131n yayalar\u0131n kullan\u0131m\u0131na uygun hale getirilmesinin sa\u011flanmas\u0131 ad\u0131na denetimlerini ger\u00e7ekle\u015ftirdi.<br \/>\n<br \/>Turgutlu Belediyesi Zab\u0131ta M\u00fcd\u00fcrl\u00fc\u011f\u00fcne ba\u011fl\u0131 ekipler, Manisa B\u00fcy\u00fck\u015fehir Belediyesi ve \u0130l\u00e7e Emniyet M\u00fcd\u00fcrl\u00fc\u011f\u00fc ekipleriyle birlikte kald\u0131r\u0131m ve yol i\u015fgali denetimi yapt\u0131. Atat\u00fcrk Bulvar\u0131 ve ara sokaklarda ger\u00e7ekle\u015ftirilen denetimlerde i\u015fletmeler taraf\u0131ndan konulan ve yayalar\u0131n ge\u00e7i\u015fine engel olan masa, sandalye, reklam panosu, \u00fcr\u00fcn ve malzemelerin kald\u0131r\u0131lmas\u0131 konusunda uyar\u0131larda bulunuldu. Kurallara uymayan i\u015fletmelere idari i\u015flemler ekiplerce uyguland\u0131.<br \/>\n<br \/>Turgutlu Belediyesi Zab\u0131ta M\u00fcd\u00fcr\u00fc Hasan K\u0131z\u0131l, &#8220;Ekiplerimiz, Manisa B\u00fcy\u00fck\u015fehir Belediyesi ve \u0130l\u00e7e Emniyet M\u00fcd\u00fcrl\u00fc\u011f\u00fc ekipleriyle birlikte kamusal alanlar\u0131n i\u015fgaline y\u00f6nelik kontrollerde bulundu. Yaya ge\u00e7i\u015flerine engel olan ve hakl\u0131 olarak vatanda\u015flar\u0131m\u0131z\u0131 rahats\u0131z eden yol ve kald\u0131r\u0131m i\u015fgali yapan i\u015fletmelere gerekli uyar\u0131larda bulunarak idari i\u015flemler uyguland\u0131. Yaya g\u00fcvenli\u011fi ve kent esteti\u011finin korunmas\u0131 ad\u0131na denetimlerimizi s\u00fcrd\u00fcrece\u011fiz&#8221; \u015feklinde konu\u015ftu.<br \/><\/p>\n","protected":false},"excerpt":{"rendered":"<p>Turgutlu Belediyesi Zab\u0131ta M\u00fcd\u00fcrl\u00fc\u011f\u00fc ekipleri, kald\u0131r\u0131mlar\u0131n yayalar\u0131n kullan\u0131m\u0131na uygun hale getirilmesinin sa\u011flanmas\u0131 ad\u0131na denetimlerini ger\u00e7ekle\u015ftirdi. Turgutlu Belediyesi Zab\u0131ta M\u00fcd\u00fcrl\u00fc\u011f\u00fcne ba\u011fl\u0131 ekipler, Manisa B\u00fcy\u00fck\u015fehir Belediyesi ve \u0130l\u00e7e Emniyet M\u00fcd\u00fcrl\u00fc\u011f\u00fc ekipleriyle birlikte kald\u0131r\u0131m ve yol i\u015fgali denetimi yapt\u0131. Atat\u00fcrk Bulvar\u0131 ve ara sokaklarda ger\u00e7ekle\u015ftirilen denetimlerde i\u015fletmeler taraf\u0131ndan konulan ve yayalar\u0131n ge\u00e7i\u015fine engel olan masa, sandalye, reklam panosu,&#8230;<\/p>\n","protected":false},"author":1,"featured_media":47651,"comment_status":"open","ping_status":"open","sticky":false,"template":"","format":"standard","meta":{"_crdt_document":"","footnotes":""},"categories":[5],"tags":[],"class_list":["post-47650","post","type-post","status-publish","format-standard","has-post-thumbnail","hentry","category-asayis"],"_links":{"self":[{"href":"https:\/\/www.egemtv.com\/index.php?rest_route=\/wp\/v2\/posts\/47650","targetHints":{"allow":["GET"]}}],"collection":[{"href":"https:\/\/www.egemtv.com\/index.php?rest_route=\/wp\/v2\/posts"}],"about":[{"href":"https:\/\/www.egemtv.com\/index.php?rest_route=\/wp\/v2\/types\/post"}],"author":[{"embeddable":true,"href":"https:\/\/www.egemtv.com\/index.php?rest_route=\/wp\/v2\/users\/1"}],"replies":[{"embeddable":true,"href":"https:\/\/www.egemtv.com\/index.php?rest_route=%2Fwp%2Fv2%2Fcomments&post=47650"}],"version-history":[{"count":1,"href":"https:\/\/www.egemtv.com\/index.php?rest_route=\/wp\/v2\/posts\/47650\/revisions"}],"predecessor-version":[{"id":47652,"href":"https:\/\/www.egemtv.com\/index.php?rest_route=\/wp\/v2\/posts\/47650\/revisions\/47652"}],"wp:featuredmedia":[{"embeddable":true,"href":"https:\/\/www.egemtv.com\/index.php?rest_route=\/wp\/v2\/media\/47651"}],"wp:attachment":[{"href":"https:\/\/www.egemtv.com\/index.php?rest_route=%2Fwp%2Fv2%2Fmedia&parent=47650"}],"wp:term":[{"taxonomy":"category","embeddable":true,"href":"https:\/\/www.egemtv.com\/index.php?rest_route=%2Fwp%2Fv2%2Fcategories&post=47650"},{"taxonomy":"post_tag","embeddable":true,"href":"https:\/\/www.egemtv.com\/index.php?rest_route=%2Fwp%2Fv2%2Ftags&post=47650"}],"curies":[{"name":"wp","href":"https:\/\/api.w.org\/{rel}","templated":true}]}}