{"id":47644,"date":"2025-08-08T21:55:00","date_gmt":"2025-08-08T18:55:00","guid":{"rendered":"https:\/\/www.egemtv.com\/?p=47644"},"modified":"2025-08-08T21:55:00","modified_gmt":"2025-08-08T18:55:00","slug":"kula-belediyesinde-chpli-katip-uyelerden-toplu-istifa","status":"publish","type":"post","link":"https:\/\/www.egemtv.com\/?p=47644","title":{"rendered":"Kula Belediyesinde CHP\u2019li katip \u00fcyelerden toplu istifa"},"content":{"rendered":"<p>Manisa\u2019n\u0131n Kula il\u00e7esinde, Belediye Meclisi\u2019nde g\u00f6rev yapan 2 asil ve 1 yedek Cumhuriyet Halk Partili (CHP) katip \u00fcye g\u00f6revlerinden istifa etti. Belediye Meclisi\u2019nin son oturumunda g\u00fcndeme al\u0131nan istifa dilek\u00e7eleri, oy \u00e7oklu\u011fuyla kabul edildi.<br \/>\n<br \/>Edinilen bilgilere g\u00f6re, Kula Belediye Meclisi\u2019nin CHP\u2019li katip \u00fcyeleri Hilal \u00c7etinta\u015f, Adem Akar ve yedek \u00fcye Mutlu Keskin, g\u00f6revlerinden ayr\u0131lmak \u00fczere istifa dilek\u00e7elerini meclis ba\u015fkanl\u0131\u011f\u0131na sundu. G\u00fcndeme al\u0131nan dilek\u00e7eler, CHP\u2019li meclis \u00fcyelerinin de &#8220;kabul&#8221; oyu vermesiyle oy \u00e7oklu\u011fuyla onayland\u0131. \u0130stifalar\u0131n ard\u0131ndan bo\u015falan 2 asil ve 1 yedek katip \u00fcyeli\u011fi i\u00e7in yeni se\u00e7im yap\u0131lmas\u0131na karar verildi. Meclis y\u00f6netiminden al\u0131nan bilgiye g\u00f6re, s\u00f6z konusu se\u00e7im, Eyl\u00fcl ay\u0131 Belediye Meclisi\u2019nin ilk toplant\u0131s\u0131nda ger\u00e7ekle\u015ftirilecek.<br \/>\n<br \/>Ya\u015fanan geli\u015fme, Kula Belediye Meclisi\u2019nde siyasi dengeleri yeniden g\u00fcndeme ta\u015f\u0131rken, istifalar\u0131n gerek\u00e7esi hakk\u0131nda herhangi bir resmi a\u00e7\u0131klama yap\u0131lmad\u0131.<br \/><\/p>\n","protected":false},"excerpt":{"rendered":"<p>Manisa\u2019n\u0131n Kula il\u00e7esinde, Belediye Meclisi\u2019nde g\u00f6rev yapan 2 asil ve 1 yedek Cumhuriyet Halk Partili (CHP) katip \u00fcye g\u00f6revlerinden istifa etti. Belediye Meclisi\u2019nin son oturumunda g\u00fcndeme al\u0131nan istifa dilek\u00e7eleri, oy \u00e7oklu\u011fuyla kabul edildi. Edinilen bilgilere g\u00f6re, Kula Belediye Meclisi\u2019nin CHP\u2019li katip \u00fcyeleri Hilal \u00c7etinta\u015f, Adem Akar ve yedek \u00fcye Mutlu Keskin, g\u00f6revlerinden ayr\u0131lmak \u00fczere istifa&#8230;<\/p>\n","protected":false},"author":1,"featured_media":47645,"comment_status":"open","ping_status":"open","sticky":false,"template":"","format":"standard","meta":{"_crdt_document":"","footnotes":""},"categories":[1],"tags":[],"class_list":["post-47644","post","type-post","status-publish","format-standard","has-post-thumbnail","hentry","category-guncel"],"_links":{"self":[{"href":"https:\/\/www.egemtv.com\/index.php?rest_route=\/wp\/v2\/posts\/47644","targetHints":{"allow":["GET"]}}],"collection":[{"href":"https:\/\/www.egemtv.com\/index.php?rest_route=\/wp\/v2\/posts"}],"about":[{"href":"https:\/\/www.egemtv.com\/index.php?rest_route=\/wp\/v2\/types\/post"}],"author":[{"embeddable":true,"href":"https:\/\/www.egemtv.com\/index.php?rest_route=\/wp\/v2\/users\/1"}],"replies":[{"embeddable":true,"href":"https:\/\/www.egemtv.com\/index.php?rest_route=%2Fwp%2Fv2%2Fcomments&post=47644"}],"version-history":[{"count":1,"href":"https:\/\/www.egemtv.com\/index.php?rest_route=\/wp\/v2\/posts\/47644\/revisions"}],"predecessor-version":[{"id":47646,"href":"https:\/\/www.egemtv.com\/index.php?rest_route=\/wp\/v2\/posts\/47644\/revisions\/47646"}],"wp:featuredmedia":[{"embeddable":true,"href":"https:\/\/www.egemtv.com\/index.php?rest_route=\/wp\/v2\/media\/47645"}],"wp:attachment":[{"href":"https:\/\/www.egemtv.com\/index.php?rest_route=%2Fwp%2Fv2%2Fmedia&parent=47644"}],"wp:term":[{"taxonomy":"category","embeddable":true,"href":"https:\/\/www.egemtv.com\/index.php?rest_route=%2Fwp%2Fv2%2Fcategories&post=47644"},{"taxonomy":"post_tag","embeddable":true,"href":"https:\/\/www.egemtv.com\/index.php?rest_route=%2Fwp%2Fv2%2Ftags&post=47644"}],"curies":[{"name":"wp","href":"https:\/\/api.w.org\/{rel}","templated":true}]}}