{"id":47641,"date":"2025-08-08T21:54:59","date_gmt":"2025-08-08T18:54:59","guid":{"rendered":"https:\/\/www.egemtv.com\/?p=47641"},"modified":"2025-08-08T21:55:00","modified_gmt":"2025-08-08T18:55:00","slug":"yangin-sondurme-cihazi-yuklu-arac-sut-tankerine-carpti-1-yarali","status":"publish","type":"post","link":"https:\/\/www.egemtv.com\/?p=47641","title":{"rendered":"Yang\u0131n s\u00f6nd\u00fcrme cihaz\u0131 y\u00fckl\u00fc ara\u00e7, s\u00fct tankerine \u00e7arpt\u0131: 1 yaral\u0131"},"content":{"rendered":"<p>Burdur\u2019un G\u00f6lhisar il\u00e7esi Denizli-Antalya karayolunda yang\u0131n s\u00f6nd\u00fcrme cihaz\u0131 y\u00fckl\u00fc arac\u0131n, s\u00fct tankerine \u00e7arpt\u0131\u011f\u0131 kazada 1 ki\u015fi yaraland\u0131.<br \/>\n<br \/>Kaza, G\u00f6lhisar il\u00e7esi \u00c7amk\u00f6y Mahallesi Denizli-Antalya karayolunda meydana geldi. Edinilen bilgilere g\u00f6re Mustafa T. (34) idaresindeki 07 BZN 998 plakal\u0131 yang\u0131n s\u00f6nd\u00fcrme cihaz\u0131 y\u00fckl\u00fc ara\u00e7, \u00f6n\u00fcnde seyreden S\u00fcleyman S. (51) idaresindeki 15 DG 022 plakal\u0131 s\u00fct tankerine \u00e7arpt\u0131. Kazada ara\u00e7ta s\u0131k\u0131\u015fan s\u00fcr\u00fcc\u00fc Mustafa T. yaraland\u0131. \u00c7evredekilerin 112 Acil \u00c7a\u011fr\u0131 Merkezine ihbar\u0131 \u00fczerine olay yerine sa\u011fl\u0131k, itfaiye ve jandarma ekipleri sevk edildi. \u0130tfaiye ekiplerinin \u00e7al\u0131\u015fmalar\u0131 sonucu ara\u00e7 i\u00e7erisinden \u00e7\u0131kar\u0131lan yaral\u0131 s\u00fcr\u00fcc\u00fc, sa\u011fl\u0131k ekiplerinin ilk m\u00fcdahalesinin ard\u0131ndan ambulans ile G\u00f6lhisar Devlet Hastanesine kald\u0131r\u0131ld\u0131. Kaza ile ilgili inceleme ba\u015flat\u0131l\u0131rken MustafaT.\u2019nin durumunun iyi oldu\u011fu \u00f6\u011frenildi.<br \/><\/p>\n","protected":false},"excerpt":{"rendered":"<p>Burdur\u2019un G\u00f6lhisar il\u00e7esi Denizli-Antalya karayolunda yang\u0131n s\u00f6nd\u00fcrme cihaz\u0131 y\u00fckl\u00fc arac\u0131n, s\u00fct tankerine \u00e7arpt\u0131\u011f\u0131 kazada 1 ki\u015fi yaraland\u0131. Kaza, G\u00f6lhisar il\u00e7esi \u00c7amk\u00f6y Mahallesi Denizli-Antalya karayolunda meydana geldi. Edinilen bilgilere g\u00f6re Mustafa T. (34) idaresindeki 07 BZN 998 plakal\u0131 yang\u0131n s\u00f6nd\u00fcrme cihaz\u0131 y\u00fckl\u00fc ara\u00e7, \u00f6n\u00fcnde seyreden S\u00fcleyman S. (51) idaresindeki 15 DG 022 plakal\u0131 s\u00fct tankerine \u00e7arpt\u0131&#8230;.<\/p>\n","protected":false},"author":1,"featured_media":47642,"comment_status":"open","ping_status":"open","sticky":false,"template":"","format":"standard","meta":{"_crdt_document":"","footnotes":""},"categories":[5],"tags":[],"class_list":["post-47641","post","type-post","status-publish","format-standard","has-post-thumbnail","hentry","category-asayis"],"_links":{"self":[{"href":"https:\/\/www.egemtv.com\/index.php?rest_route=\/wp\/v2\/posts\/47641","targetHints":{"allow":["GET"]}}],"collection":[{"href":"https:\/\/www.egemtv.com\/index.php?rest_route=\/wp\/v2\/posts"}],"about":[{"href":"https:\/\/www.egemtv.com\/index.php?rest_route=\/wp\/v2\/types\/post"}],"author":[{"embeddable":true,"href":"https:\/\/www.egemtv.com\/index.php?rest_route=\/wp\/v2\/users\/1"}],"replies":[{"embeddable":true,"href":"https:\/\/www.egemtv.com\/index.php?rest_route=%2Fwp%2Fv2%2Fcomments&post=47641"}],"version-history":[{"count":1,"href":"https:\/\/www.egemtv.com\/index.php?rest_route=\/wp\/v2\/posts\/47641\/revisions"}],"predecessor-version":[{"id":47643,"href":"https:\/\/www.egemtv.com\/index.php?rest_route=\/wp\/v2\/posts\/47641\/revisions\/47643"}],"wp:featuredmedia":[{"embeddable":true,"href":"https:\/\/www.egemtv.com\/index.php?rest_route=\/wp\/v2\/media\/47642"}],"wp:attachment":[{"href":"https:\/\/www.egemtv.com\/index.php?rest_route=%2Fwp%2Fv2%2Fmedia&parent=47641"}],"wp:term":[{"taxonomy":"category","embeddable":true,"href":"https:\/\/www.egemtv.com\/index.php?rest_route=%2Fwp%2Fv2%2Fcategories&post=47641"},{"taxonomy":"post_tag","embeddable":true,"href":"https:\/\/www.egemtv.com\/index.php?rest_route=%2Fwp%2Fv2%2Ftags&post=47641"}],"curies":[{"name":"wp","href":"https:\/\/api.w.org\/{rel}","templated":true}]}}