{"id":47638,"date":"2025-08-08T21:34:39","date_gmt":"2025-08-08T18:34:39","guid":{"rendered":"https:\/\/www.egemtv.com\/?p=47638"},"modified":"2025-08-08T21:34:40","modified_gmt":"2025-08-08T18:34:40","slug":"ahsap-direk-araclarin-uzerine-devrildi","status":"publish","type":"post","link":"https:\/\/www.egemtv.com\/?p=47638","title":{"rendered":"Ah\u015fap direk ara\u00e7lar\u0131n \u00fczerine devrildi"},"content":{"rendered":"<p>Mente\u015fe Emirbeyaz\u0131t Mahallesi\u2019nde bulunan ah\u015fap direk, park halindeki iki otomobilin \u00fczerine devrildi.<br \/>\n<br \/>Mu\u011fla\u2019n\u0131n Mente\u015fe il\u00e7esi Emirbeyaz\u0131t Mahallesi \u00dc\u00e7ler Sokak\u2019ta ah\u015fap telefon dire\u011fi hen\u00fcz bilinmeyen bir nedenle k\u0131r\u0131larak park halindeki iki arac\u0131n \u00fczerine d\u00fc\u015ft\u00fc. Dire\u011fin devrilmesiyle birlikte telefon ve internet kablolar\u0131 da yere sa\u00e7\u0131ld\u0131.<br \/>\n<br \/>\u015eans eseri olayda ara\u00e7lar\u0131n i\u00e7inde kimse bulunmazken, ara\u00e7larda k\u00fc\u00e7\u00fck \u00e7apl\u0131 hasarlar olu\u015ftu. Dire\u011fin devrildi\u011fini g\u00f6ren mahalle sakinleri durumu yetkililere bildirdi.<br \/><\/p>\n","protected":false},"excerpt":{"rendered":"<p>Mente\u015fe Emirbeyaz\u0131t Mahallesi\u2019nde bulunan ah\u015fap direk, park halindeki iki otomobilin \u00fczerine devrildi. Mu\u011fla\u2019n\u0131n Mente\u015fe il\u00e7esi Emirbeyaz\u0131t Mahallesi \u00dc\u00e7ler Sokak\u2019ta ah\u015fap telefon dire\u011fi hen\u00fcz bilinmeyen bir nedenle k\u0131r\u0131larak park halindeki iki arac\u0131n \u00fczerine d\u00fc\u015ft\u00fc. Dire\u011fin devrilmesiyle birlikte telefon ve internet kablolar\u0131 da yere sa\u00e7\u0131ld\u0131. \u015eans eseri olayda ara\u00e7lar\u0131n i\u00e7inde kimse bulunmazken, ara\u00e7larda k\u00fc\u00e7\u00fck \u00e7apl\u0131 hasarlar olu\u015ftu&#8230;.<\/p>\n","protected":false},"author":1,"featured_media":47639,"comment_status":"open","ping_status":"open","sticky":false,"template":"","format":"standard","meta":{"_crdt_document":"","footnotes":""},"categories":[5],"tags":[],"class_list":["post-47638","post","type-post","status-publish","format-standard","has-post-thumbnail","hentry","category-asayis"],"_links":{"self":[{"href":"https:\/\/www.egemtv.com\/index.php?rest_route=\/wp\/v2\/posts\/47638","targetHints":{"allow":["GET"]}}],"collection":[{"href":"https:\/\/www.egemtv.com\/index.php?rest_route=\/wp\/v2\/posts"}],"about":[{"href":"https:\/\/www.egemtv.com\/index.php?rest_route=\/wp\/v2\/types\/post"}],"author":[{"embeddable":true,"href":"https:\/\/www.egemtv.com\/index.php?rest_route=\/wp\/v2\/users\/1"}],"replies":[{"embeddable":true,"href":"https:\/\/www.egemtv.com\/index.php?rest_route=%2Fwp%2Fv2%2Fcomments&post=47638"}],"version-history":[{"count":1,"href":"https:\/\/www.egemtv.com\/index.php?rest_route=\/wp\/v2\/posts\/47638\/revisions"}],"predecessor-version":[{"id":47640,"href":"https:\/\/www.egemtv.com\/index.php?rest_route=\/wp\/v2\/posts\/47638\/revisions\/47640"}],"wp:featuredmedia":[{"embeddable":true,"href":"https:\/\/www.egemtv.com\/index.php?rest_route=\/wp\/v2\/media\/47639"}],"wp:attachment":[{"href":"https:\/\/www.egemtv.com\/index.php?rest_route=%2Fwp%2Fv2%2Fmedia&parent=47638"}],"wp:term":[{"taxonomy":"category","embeddable":true,"href":"https:\/\/www.egemtv.com\/index.php?rest_route=%2Fwp%2Fv2%2Fcategories&post=47638"},{"taxonomy":"post_tag","embeddable":true,"href":"https:\/\/www.egemtv.com\/index.php?rest_route=%2Fwp%2Fv2%2Ftags&post=47638"}],"curies":[{"name":"wp","href":"https:\/\/api.w.org\/{rel}","templated":true}]}}