{"id":47635,"date":"2025-08-08T21:16:21","date_gmt":"2025-08-08T18:16:21","guid":{"rendered":"https:\/\/www.egemtv.com\/?p=47635"},"modified":"2025-08-08T21:16:21","modified_gmt":"2025-08-08T18:16:21","slug":"kutahya-emette-korkutan-yangin","status":"publish","type":"post","link":"https:\/\/www.egemtv.com\/?p=47635","title":{"rendered":"K\u00fctahya Emet\u2019te korkutan yang\u0131n"},"content":{"rendered":"<p>K\u00fctahya\u2019n\u0131n Emet il\u00e7esinde bir evde \u00e7\u0131kan yang\u0131n, \u00e7evresindeki di\u011fer evlere s\u0131\u00e7ramadan itfaiye ekiplerince s\u00f6nd\u00fcr\u00fcld\u00fc.<br \/>\n<br \/>Edinilen bilgiye g\u00f6re, Kapakl\u0131ca Mahallesi\u2019nde \u0130smail G\u00f6rmez\u2019e ait arkas\u0131 ekmek f\u0131r\u0131n\u0131 olan evde hen\u00fcz belirlenemeyen bir nedenle yang\u0131n \u00e7\u0131kt\u0131. Yerle\u015fimin yo\u011fun ve biti\u015fik, ah\u015fap evlerin fazla oldu\u011fu b\u00f6lgedeki yang\u0131na Emet ve Hisarc\u0131k Belediyesi ile Emet Orman \u0130\u015fletmesi itfaiye ekipleri m\u00fcdahale etti. \u00c7evresindeki evleri de tehdit eden yang\u0131n, ekiplerin uzun u\u011fra\u015flar\u0131 sonucu kontrol alt\u0131na al\u0131nd\u0131. Dar sokaklar ve uygunsuz park edilen ara\u00e7lar y\u00fcz\u00fcnden itfaiye ekipleri yang\u0131n\u0131n bulundu\u011fu eve ula\u015fmakta g\u00fc\u00e7l\u00fck \u00e7ektiler. Tedbir ama\u00e7l\u0131 b\u00f6lgenin elektrik ve do\u011falgaz\u0131 kesildi. Yang\u0131nda yandaki evin \u00e7at\u0131s\u0131 da zarar g\u00f6r\u00fcrken, yang\u0131nla ilgili soru\u015fturma ba\u015flat\u0131ld\u0131.<br \/><\/p>\n","protected":false},"excerpt":{"rendered":"<p>K\u00fctahya\u2019n\u0131n Emet il\u00e7esinde bir evde \u00e7\u0131kan yang\u0131n, \u00e7evresindeki di\u011fer evlere s\u0131\u00e7ramadan itfaiye ekiplerince s\u00f6nd\u00fcr\u00fcld\u00fc. Edinilen bilgiye g\u00f6re, Kapakl\u0131ca Mahallesi\u2019nde \u0130smail G\u00f6rmez\u2019e ait arkas\u0131 ekmek f\u0131r\u0131n\u0131 olan evde hen\u00fcz belirlenemeyen bir nedenle yang\u0131n \u00e7\u0131kt\u0131. Yerle\u015fimin yo\u011fun ve biti\u015fik, ah\u015fap evlerin fazla oldu\u011fu b\u00f6lgedeki yang\u0131na Emet ve Hisarc\u0131k Belediyesi ile Emet Orman \u0130\u015fletmesi itfaiye ekipleri m\u00fcdahale etti&#8230;.<\/p>\n","protected":false},"author":1,"featured_media":47636,"comment_status":"open","ping_status":"open","sticky":false,"template":"","format":"standard","meta":{"_crdt_document":"","footnotes":""},"categories":[5],"tags":[],"class_list":["post-47635","post","type-post","status-publish","format-standard","has-post-thumbnail","hentry","category-asayis"],"_links":{"self":[{"href":"https:\/\/www.egemtv.com\/index.php?rest_route=\/wp\/v2\/posts\/47635","targetHints":{"allow":["GET"]}}],"collection":[{"href":"https:\/\/www.egemtv.com\/index.php?rest_route=\/wp\/v2\/posts"}],"about":[{"href":"https:\/\/www.egemtv.com\/index.php?rest_route=\/wp\/v2\/types\/post"}],"author":[{"embeddable":true,"href":"https:\/\/www.egemtv.com\/index.php?rest_route=\/wp\/v2\/users\/1"}],"replies":[{"embeddable":true,"href":"https:\/\/www.egemtv.com\/index.php?rest_route=%2Fwp%2Fv2%2Fcomments&post=47635"}],"version-history":[{"count":1,"href":"https:\/\/www.egemtv.com\/index.php?rest_route=\/wp\/v2\/posts\/47635\/revisions"}],"predecessor-version":[{"id":47637,"href":"https:\/\/www.egemtv.com\/index.php?rest_route=\/wp\/v2\/posts\/47635\/revisions\/47637"}],"wp:featuredmedia":[{"embeddable":true,"href":"https:\/\/www.egemtv.com\/index.php?rest_route=\/wp\/v2\/media\/47636"}],"wp:attachment":[{"href":"https:\/\/www.egemtv.com\/index.php?rest_route=%2Fwp%2Fv2%2Fmedia&parent=47635"}],"wp:term":[{"taxonomy":"category","embeddable":true,"href":"https:\/\/www.egemtv.com\/index.php?rest_route=%2Fwp%2Fv2%2Fcategories&post=47635"},{"taxonomy":"post_tag","embeddable":true,"href":"https:\/\/www.egemtv.com\/index.php?rest_route=%2Fwp%2Fv2%2Ftags&post=47635"}],"curies":[{"name":"wp","href":"https:\/\/api.w.org\/{rel}","templated":true}]}}