{"id":47632,"date":"2025-08-08T20:15:07","date_gmt":"2025-08-08T17:15:07","guid":{"rendered":"https:\/\/www.egemtv.com\/?p=47632"},"modified":"2025-08-08T20:15:08","modified_gmt":"2025-08-08T17:15:08","slug":"buharkentte-festival-coskusu-basladi","status":"publish","type":"post","link":"https:\/\/www.egemtv.com\/?p=47632","title":{"rendered":"Buharkent\u2019te festival co\u015fkusu ba\u015flad\u0131"},"content":{"rendered":"<p>Ayd\u0131n\u2019\u0131n Buharkent il\u00e7esinde bu y\u0131l 18\u2019incisi d\u00fczenlenen K\u00fclt\u00fcr ve Sanat \u015eenli\u011fi Taze \u0130ncir Festivali kortej y\u00fcr\u00fcy\u00fc\u015f\u00fc ile ba\u015flad\u0131. 3 g\u00fcn s\u00fcrecek olan festival konserlerden yar\u0131\u015fmalara kadar bir\u00e7ok etkinli\u011fe ev sahipli\u011fi yapacak.<br \/>\n<br \/>Taze inciriyle \u00fcn kazanan Ayd\u0131n\u2019\u0131n Buharkent il\u00e7esi, her y\u0131l oldu\u011fu gibi bu y\u0131l da incir hasad\u0131n\u0131n bereketini ve il\u00e7enin k\u00fclt\u00fcrel zenginli\u011fini bir arada ya\u015f\u0131yor. \u00dcreticilerin b\u00fcy\u00fck emekle yeti\u015ftirdi\u011fi taze incirlerin tan\u0131t\u0131m\u0131na katk\u0131 sunmak ve il\u00e7eyi tan\u0131tmak ad\u0131na d\u00fczenlenen festival kortej y\u00fcr\u00fcy\u00fc\u015f\u00fc ile ba\u015flad\u0131. Programa Ayd\u0131n Valisi Yakup Canbolat, Buharkent Kaymakam\u0131 Abdullah Emre \u00d6zefe, Ayd\u0131n Adnan Menderes \u00dcniversitesi Rekt\u00f6r\u00fc Prof.Dr.B\u00fclent Kent, AK Parti Ayd\u0131n Milletvekilleri \u00d6mer \u00d6zmen ve Seda Sar\u0131ba\u015f, \u0130ncirliova Belediye Ba\u015fkan\u0131 Aytekin Kaya, Ayd\u0131n Tar\u0131m ve Orman \u0130l M\u00fcd\u00fcr\u00fc Ayhan Temiz, \u0130l\u00e7e ba\u015fkanlar\u0131, AYESOB Ba\u015fkan\u0131 Muhammet Ali K\u00fcnk\u00e7\u00fc ve \u00e7ok say\u0131da vatanda\u015f kat\u0131ld\u0131.<br \/>\n<br \/>Buharkent Belediyesi ve Buharkent Kaymakaml\u0131\u011f\u0131 i\u015f birli\u011finde 3 g\u00fcn s\u00fcrecek olan festivalde, il\u00e7eye kazand\u0131r\u0131lan yat\u0131r\u0131mlar da bir yandan a\u00e7\u0131l\u0131rken \u00f6te yandan da konserler, y\u00f6resel tatlar ve k\u00fclt\u00fcrel etkinliklerle dolu yo\u011fun bir program ziyaret\u00e7ilerle bulu\u015facak.<br \/>\n<br \/>\u0130l\u00e7enin vizyon projesi a\u00e7\u0131ld\u0131<br \/>\n<br \/>B\u00f6lgenin en modern Kapal\u0131 Pazaryeri ve Katl\u0131 Otopark\u0131 ile Muratda\u011f\u0131 2. Etap G\u00fcne\u015f Enerjisi Santrali i\u00e7in d\u00fczenlenen toplu a\u00e7\u0131l\u0131\u015f t\u00f6reni ise b\u00fcy\u00fck bir gururla ger\u00e7ekle\u015ftirildi.<br \/>\n<br \/>&#8220;Buharkent\u2019in de\u011fi\u015fen y\u00fcz\u00fcne de tan\u0131kl\u0131k ediyorsunuz&#8221;<br \/>\n<br \/>A\u00e7\u0131l\u0131\u015fta konu\u015fan Buharkent Belediye Ba\u015fkan\u0131 Mehmet Erol, t\u00fcm davetlilerin ayn\u0131 zamanda Buharkent\u2019in de\u011fi\u015fen y\u00fcz\u00fcne de tan\u0131kl\u0131k ettiklerini ifade ederek: &#8220;Bereketli topraklar\u0131m\u0131zda yeti\u015fen e\u015fsiz taze incirimizin ve il\u00e7emizin k\u00fclt\u00fcrel zenginliklerinin tan\u0131t\u0131m\u0131 amac\u0131yla bu y\u0131l 18\u2019incisini d\u00fczenledi\u011fimiz festivalimizde sizleri de aram\u0131zda g\u00f6rmekten b\u00fcy\u00fck mutluluk duyduk. Sadece Buharkentliler de\u011fil, \u00e7evre il ve il\u00e7elerden t\u00fcm vatanda\u015flar\u0131m\u0131z\u0131n k\u00fclt\u00fcr, sanat, m\u00fczik ve y\u00f6resel lezzetlerle dolu bu \u00f6zel g\u00fcnlerde Buharkent\u2019in de\u011fi\u015fen y\u00fcz\u00fcne tan\u0131kl\u0131k etmesini diliyorum&#8221; dedi.<br \/>\n<br \/>Yat\u0131r\u0131mlardan s\u00f6z etti<br \/>\n<br \/>Ba\u015fkan Erol, g\u00f6reve geldiklerinden bu yana Ayd\u0131n\u2019da en fazla yat\u0131r\u0131ma \u00f6nc\u00fcl\u00fck yapan il\u00e7e olma \u00f6zelli\u011fi ta\u015f\u0131d\u0131klar\u0131n\u0131 da ifade ederek il\u00e7eye yap\u0131lan yat\u0131r\u0131mlar\u0131 anlatt\u0131.<br \/>\n<br \/>&#8220;Ayd\u0131n incir \u00fcretiminde d\u00fcnyada en iyi yerdedir&#8221;<br \/>\n<br \/>Ayd\u0131n Valisi Yakup Canbolat: &#8220;Ayd\u0131n incir \u00fcretiminde d\u00fcnyada en iyi yerde ve Ayd\u0131n\u0131m\u0131z\u0131n simgesi haline gelmi\u015ftir. Bug\u00fcn de burada taze incirimizin tan\u0131t\u0131m\u0131 i\u00e7in yap\u0131lan festivaldeyiz. T\u00fcrkiye, incir \u00fcretimiyle d\u00fcnyada 1. s\u0131radad\u0131r. Ge\u00e7ti\u011fimiz y\u0131l \u00fclkemizde 587 bin dekar alanda 375 bin ton ya\u015f incir \u00fcretimi ger\u00e7ekle\u015fmi\u015ftir. \u0130limiz de ise 387 bin dekar alandan 210 bin ton \u00fcr\u00fcn elde edilmi\u015ftir. \u0130limiz, ya\u015f incir \u00f6zelinde \u00fclke a\u011fa\u00e7 varl\u0131\u011f\u0131n\u0131n y\u00fczde 59\u2019una, toplu meyvelik alan\u0131n ise y\u00fczde 66\u2019s\u0131na sahiptir. \u00dclke \u00fcretimine verdi\u011fi katk\u0131 ise y\u00fczde 56\u2019d\u0131r. \u0130limiz, incir \u00fcretimiyle \u00fclke s\u0131ralamas\u0131nda 1. konumdad\u0131r. \u0130limizdeki incir alanlar\u0131n\u0131n yakla\u015f\u0131k y\u00fczde 22\u2019inde organik olarak incir \u00fcretimi yap\u0131lmaktad\u0131r. \u2019Ayd\u0131n \u0130nciri\u2019 Avrupa Birli\u011fi Tescilli Co\u011frafi \u0130\u015farete sahiptir. Sar\u0131lop \u00e7e\u015fidimiz, b\u00fcy\u00fck oranda kurutmal\u0131\u011fa ayr\u0131lmaktad\u0131r. Kuru incir, \u00f6nemli bir ihracat \u00fcr\u00fcn\u00fcm\u00fczd\u00fcr. Ge\u00e7ti\u011fimiz y\u0131l zirai karantina kontrolleri sonucu ihracat\u0131na izin verilen kuru incir miktar\u0131 45 bin 372 ton, ya\u015f incir miktar\u0131 ise 437 tondur&#8221; dedi.<br \/>\n<br \/>Konu\u015fmalar\u0131n ard\u0131ndan en iyi taze incir yeti\u015ftiricilerine \u00f6d\u00fclleri takdim edildi. Mehter ve zeybek g\u00f6sterilerinin ard\u0131ndan pazaryeri gezildi.<br \/>\n<br \/>\u0130ntizar konser verecek<br \/>\n<br \/>9 A\u011fustos Cumartesi g\u00fcn\u00fc y\u00fczme havuzunda d\u00fczenlenecek y\u00fczme ve su topu yar\u0131\u015fmalar\u0131 ile ba\u015flayacak etkinlikler, incir tatl\u0131s\u0131 yar\u0131\u015fmas\u0131 ile devam edecek. Gecede ise Popstar yar\u0131\u015fmas\u0131ndan tan\u0131nan Harun ve Belgin G\u00f6lc\u00fck sahne alacak, ard\u0131ndan saat 22.00\u2019de \u0130ntizar konser verecek.<br \/>\n<br \/>Festivalin son g\u00fcn\u00fc olan 10 A\u011fustos Pazar sabah\u0131 saat 09.00\u2019da Yukar\u0131 Gelenbe at\u0131\u015f alan\u0131nda at\u0131c\u0131l\u0131k yar\u0131\u015fmas\u0131 d\u00fczenlenecek. Ak\u015fam program\u0131nda ise Ferudun Ba\u015faran, Ba\u015fak Ak\u0131nc\u0131 ve Sevtu\u011f Kasapba\u015fo\u011flu\u2019nun sahne alaca\u011f\u0131 konserlerin ard\u0131ndan saat 22.00\u2019de \u00fcnl\u00fc sanat\u00e7\u0131 Tu\u011f\u00e7e Kandemir m\u00fczikseverlerle bulu\u015facak.<br \/><\/p>\n","protected":false},"excerpt":{"rendered":"<p>Ayd\u0131n\u2019\u0131n Buharkent il\u00e7esinde bu y\u0131l 18\u2019incisi d\u00fczenlenen K\u00fclt\u00fcr ve Sanat \u015eenli\u011fi Taze \u0130ncir Festivali kortej y\u00fcr\u00fcy\u00fc\u015f\u00fc ile ba\u015flad\u0131. 3 g\u00fcn s\u00fcrecek olan festival konserlerden yar\u0131\u015fmalara kadar bir\u00e7ok etkinli\u011fe ev sahipli\u011fi yapacak. Taze inciriyle \u00fcn kazanan Ayd\u0131n\u2019\u0131n Buharkent il\u00e7esi, her y\u0131l oldu\u011fu gibi bu y\u0131l da incir hasad\u0131n\u0131n bereketini ve il\u00e7enin k\u00fclt\u00fcrel zenginli\u011fini bir arada ya\u015f\u0131yor&#8230;.<\/p>\n","protected":false},"author":1,"featured_media":47633,"comment_status":"open","ping_status":"open","sticky":false,"template":"","format":"standard","meta":{"_crdt_document":"","footnotes":""},"categories":[1],"tags":[],"class_list":["post-47632","post","type-post","status-publish","format-standard","has-post-thumbnail","hentry","category-guncel"],"_links":{"self":[{"href":"https:\/\/www.egemtv.com\/index.php?rest_route=\/wp\/v2\/posts\/47632","targetHints":{"allow":["GET"]}}],"collection":[{"href":"https:\/\/www.egemtv.com\/index.php?rest_route=\/wp\/v2\/posts"}],"about":[{"href":"https:\/\/www.egemtv.com\/index.php?rest_route=\/wp\/v2\/types\/post"}],"author":[{"embeddable":true,"href":"https:\/\/www.egemtv.com\/index.php?rest_route=\/wp\/v2\/users\/1"}],"replies":[{"embeddable":true,"href":"https:\/\/www.egemtv.com\/index.php?rest_route=%2Fwp%2Fv2%2Fcomments&post=47632"}],"version-history":[{"count":1,"href":"https:\/\/www.egemtv.com\/index.php?rest_route=\/wp\/v2\/posts\/47632\/revisions"}],"predecessor-version":[{"id":47634,"href":"https:\/\/www.egemtv.com\/index.php?rest_route=\/wp\/v2\/posts\/47632\/revisions\/47634"}],"wp:featuredmedia":[{"embeddable":true,"href":"https:\/\/www.egemtv.com\/index.php?rest_route=\/wp\/v2\/media\/47633"}],"wp:attachment":[{"href":"https:\/\/www.egemtv.com\/index.php?rest_route=%2Fwp%2Fv2%2Fmedia&parent=47632"}],"wp:term":[{"taxonomy":"category","embeddable":true,"href":"https:\/\/www.egemtv.com\/index.php?rest_route=%2Fwp%2Fv2%2Fcategories&post=47632"},{"taxonomy":"post_tag","embeddable":true,"href":"https:\/\/www.egemtv.com\/index.php?rest_route=%2Fwp%2Fv2%2Ftags&post=47632"}],"curies":[{"name":"wp","href":"https:\/\/api.w.org\/{rel}","templated":true}]}}