{"id":47629,"date":"2025-08-08T18:14:45","date_gmt":"2025-08-08T15:14:45","guid":{"rendered":"https:\/\/www.egemtv.com\/?p=47629"},"modified":"2025-08-08T18:14:46","modified_gmt":"2025-08-08T15:14:46","slug":"bahcesini-domuzlardan-korumak-icin-evden-cikan-ciftci-tarlasina-olu-bulundu","status":"publish","type":"post","link":"https:\/\/www.egemtv.com\/?p=47629","title":{"rendered":"Bah\u00e7esini domuzlardan korumak i\u00e7in evden \u00e7\u0131kan \u00e7ift\u00e7i tarlas\u0131na \u00f6l\u00fc bulundu"},"content":{"rendered":"<p>Ayd\u0131n\u2019\u0131n S\u00f6ke il\u00e7esine ba\u011fl\u0131 A\u011fa\u00e7l\u0131 Mahallesi\u2019nde ya\u015fayan 61 ya\u015f\u0131ndaki \u00e7ift\u00e7i Ali Y\u0131ld\u0131z, gece saatlerinde gitti\u011fi tarlas\u0131nda \u00f6l\u00fc bulundu. \u015eahs\u0131n y\u00fcz\u00fcnde hayvan \u0131s\u0131r\u0131klar\u0131 tespit edilirken olayla ilgili soru\u015fturma ba\u015flat\u0131ld\u0131.<\/p>\n<p>A\u011fa\u00e7l\u0131 Mahallesi Kahvalt\u0131c\u0131lar Alt\u0131 Mevkii\u2019nde bulunan arazisine, \u00fcr\u00fcnlerini yaban domuzlar\u0131ndan korumak amac\u0131yla giden Ali Y\u0131ld\u0131z\u2019dan bir daha haber al\u0131namad\u0131. Sabah saatlerinde evine d\u00f6nmeyen Y\u0131ld\u0131z\u2019\u0131 merak eden e\u015fi ve kom\u015fular\u0131 tarlaya gittiklerinde, ya\u015fl\u0131 adam\u0131 hareketsiz \u015fekilde yerde yatarken buldu. \u0130hbar \u00fczerine olay yerine sa\u011fl\u0131k ve jandarma ekipleri sevk edildi.<br \/>\n<br \/>&#8220;Y\u00fcz\u00fcnde hayvan \u0131s\u0131r\u0131\u011f\u0131na ait yaralar bulundu&#8221;<br \/>\n<br \/>Sa\u011fl\u0131k ekiplerinin yapt\u0131\u011f\u0131 kontrolde Ali Y\u0131ld\u0131z\u2019\u0131n hayat\u0131n\u0131 kaybetti\u011fi belirlendi. \u0130lk incelemelerde, Y\u0131ld\u0131z\u2019\u0131n y\u00fcz b\u00f6lgesinde hayvan \u0131s\u0131r\u0131klar\u0131na benzer izlere rastland\u0131. \u015e\u00fcpheli \u00f6l\u00fcm \u00fczerine \u015fahs\u0131n cenazesi kesin \u00f6l\u00fcm nedeninin belirlenmesi i\u00e7in Adli T\u0131p Kurumu\u2019na g\u00f6nderildi. Ali Y\u0131ld\u0131z\u2019\u0131n \u00f6l\u00fcm nedeninin netlik kazanmas\u0131 i\u00e7in jandarma ekipleri geni\u015f \u00e7apl\u0131 soru\u015fturma ba\u015flatt\u0131. Olay\u0131n kesin nedeni yap\u0131lacak otopsi sonras\u0131 belli olacak.<br \/>\n<br \/>&#8220;Muhtardan yaban domuzu uyar\u0131s\u0131&#8221;<br \/>\n<br \/>Olayla ilgili a\u00e7\u0131klama yapan A\u011fa\u00e7l\u0131 Mahalle Muhtar\u0131 Serkan Tarak\u00e7\u0131, b\u00f6lgede son d\u00f6nemde artan yaban domuzu tehdidine dikkat \u00e7ekti. Tarak\u00e7\u0131, &#8220;B\u00f6lgemiz adeta yaban domuzlar\u0131n\u0131n istilas\u0131 alt\u0131nda. \u00dcreticiler \u00fcr\u00fcnlerini koruyabilmek i\u00e7in gece saatlerinde arazilerine gitmek zorunda kal\u0131yor. Ali Y\u0131ld\u0131z da o gece tarlas\u0131n\u0131 korumak i\u00e7in \u00e7\u0131km\u0131\u015f. Sabah d\u00f6nmeyince yak\u0131nlar\u0131 aramaya \u00e7\u0131km\u0131\u015f ve ne yaz\u0131k ki ac\u0131 tabloyla kar\u015f\u0131la\u015fm\u0131\u015f&#8221; dedi.<br \/><\/p>\n","protected":false},"excerpt":{"rendered":"<p>Ayd\u0131n\u2019\u0131n S\u00f6ke il\u00e7esine ba\u011fl\u0131 A\u011fa\u00e7l\u0131 Mahallesi\u2019nde ya\u015fayan 61 ya\u015f\u0131ndaki \u00e7ift\u00e7i Ali Y\u0131ld\u0131z, gece saatlerinde gitti\u011fi tarlas\u0131nda \u00f6l\u00fc bulundu. \u015eahs\u0131n y\u00fcz\u00fcnde hayvan \u0131s\u0131r\u0131klar\u0131 tespit edilirken olayla ilgili soru\u015fturma ba\u015flat\u0131ld\u0131. A\u011fa\u00e7l\u0131 Mahallesi Kahvalt\u0131c\u0131lar Alt\u0131 Mevkii\u2019nde bulunan arazisine, \u00fcr\u00fcnlerini yaban domuzlar\u0131ndan korumak amac\u0131yla giden Ali Y\u0131ld\u0131z\u2019dan bir daha haber al\u0131namad\u0131. Sabah saatlerinde evine d\u00f6nmeyen Y\u0131ld\u0131z\u2019\u0131 merak eden e\u015fi&#8230;<\/p>\n","protected":false},"author":1,"featured_media":47630,"comment_status":"open","ping_status":"open","sticky":false,"template":"","format":"standard","meta":{"_crdt_document":"","footnotes":""},"categories":[5],"tags":[],"class_list":["post-47629","post","type-post","status-publish","format-standard","has-post-thumbnail","hentry","category-asayis"],"_links":{"self":[{"href":"https:\/\/www.egemtv.com\/index.php?rest_route=\/wp\/v2\/posts\/47629","targetHints":{"allow":["GET"]}}],"collection":[{"href":"https:\/\/www.egemtv.com\/index.php?rest_route=\/wp\/v2\/posts"}],"about":[{"href":"https:\/\/www.egemtv.com\/index.php?rest_route=\/wp\/v2\/types\/post"}],"author":[{"embeddable":true,"href":"https:\/\/www.egemtv.com\/index.php?rest_route=\/wp\/v2\/users\/1"}],"replies":[{"embeddable":true,"href":"https:\/\/www.egemtv.com\/index.php?rest_route=%2Fwp%2Fv2%2Fcomments&post=47629"}],"version-history":[{"count":1,"href":"https:\/\/www.egemtv.com\/index.php?rest_route=\/wp\/v2\/posts\/47629\/revisions"}],"predecessor-version":[{"id":47631,"href":"https:\/\/www.egemtv.com\/index.php?rest_route=\/wp\/v2\/posts\/47629\/revisions\/47631"}],"wp:featuredmedia":[{"embeddable":true,"href":"https:\/\/www.egemtv.com\/index.php?rest_route=\/wp\/v2\/media\/47630"}],"wp:attachment":[{"href":"https:\/\/www.egemtv.com\/index.php?rest_route=%2Fwp%2Fv2%2Fmedia&parent=47629"}],"wp:term":[{"taxonomy":"category","embeddable":true,"href":"https:\/\/www.egemtv.com\/index.php?rest_route=%2Fwp%2Fv2%2Fcategories&post=47629"},{"taxonomy":"post_tag","embeddable":true,"href":"https:\/\/www.egemtv.com\/index.php?rest_route=%2Fwp%2Fv2%2Ftags&post=47629"}],"curies":[{"name":"wp","href":"https:\/\/api.w.org\/{rel}","templated":true}]}}