{"id":47626,"date":"2025-08-08T18:14:44","date_gmt":"2025-08-08T15:14:44","guid":{"rendered":"https:\/\/www.egemtv.com\/?p=47626"},"modified":"2025-08-08T18:14:45","modified_gmt":"2025-08-08T15:14:45","slug":"marmaris-datca-yolunda-kafa-kafaya-carpisma-5-yarali","status":"publish","type":"post","link":"https:\/\/www.egemtv.com\/?p=47626","title":{"rendered":"Marmaris-Dat\u00e7a yolunda kafa kafaya \u00e7arp\u0131\u015fma: 5 yaral\u0131"},"content":{"rendered":"<p>Marmaris-Dat\u00e7a Karayolu\u2019nda meydana gelen trafik kazas\u0131nda iki ara\u00e7 kafa kafaya \u00e7arp\u0131\u015f\u0131rken, kazada 5 ki\u015fi yaraland\u0131.<br \/>\n<br \/>Kaza, Mu\u011fla\u2019n\u0131n Marmaris il\u00e7esi Dat\u00e7a Karayolu \u00fczeri Hisar\u00f6n\u00fc mevkiinde meydana geldi. Edinilen bilgiye g\u00f6re, lasti\u011fi patlayan bir ara\u00e7 kontrolden \u00e7\u0131karak kar\u015f\u0131 \u015feritten gelen ba\u015fka bir otomobile \u00e7arpt\u0131. \u00c7arp\u0131\u015fman\u0131n etkisiyle ara\u00e7lardan biri takla atarak ref\u00fcjden a\u015fa\u011f\u0131 d\u00fc\u015ft\u00fc. Kazada, 5 ki\u015fi yaralan\u0131rken, olay\u0131 g\u00f6ren vatanda\u015flar durumu 112 Acil \u00c7a\u011fr\u0131 Merkezi\u2019ne bildirdi. \u0130hbar \u00fczerine olay yerine jandarma ve sa\u011fl\u0131k ekipleri sevk edildi. K\u0131sa s\u00fcrede olay yerine gelen sa\u011fl\u0131k ekipleri, ilk m\u00fcdahalelerin ard\u0131ndan yaral\u0131lar\u0131 ambulansla hastaneye kald\u0131rd\u0131. Jandarma trafik ekipleri b\u00f6lgede g\u00fcvenlik \u00f6nlemleri alarak trafik ak\u0131\u015f\u0131n\u0131 kontroll\u00fc \u015fekilde sa\u011flad\u0131. Kaza ile ilgili incelemeba\u015flat\u0131ld\u0131.<br \/><\/p>\n","protected":false},"excerpt":{"rendered":"<p>Marmaris-Dat\u00e7a Karayolu\u2019nda meydana gelen trafik kazas\u0131nda iki ara\u00e7 kafa kafaya \u00e7arp\u0131\u015f\u0131rken, kazada 5 ki\u015fi yaraland\u0131. Kaza, Mu\u011fla\u2019n\u0131n Marmaris il\u00e7esi Dat\u00e7a Karayolu \u00fczeri Hisar\u00f6n\u00fc mevkiinde meydana geldi. Edinilen bilgiye g\u00f6re, lasti\u011fi patlayan bir ara\u00e7 kontrolden \u00e7\u0131karak kar\u015f\u0131 \u015feritten gelen ba\u015fka bir otomobile \u00e7arpt\u0131. \u00c7arp\u0131\u015fman\u0131n etkisiyle ara\u00e7lardan biri takla atarak ref\u00fcjden a\u015fa\u011f\u0131 d\u00fc\u015ft\u00fc. Kazada, 5 ki\u015fi yaralan\u0131rken,&#8230;<\/p>\n","protected":false},"author":1,"featured_media":47627,"comment_status":"open","ping_status":"open","sticky":false,"template":"","format":"standard","meta":{"_crdt_document":"","footnotes":""},"categories":[5],"tags":[],"class_list":["post-47626","post","type-post","status-publish","format-standard","has-post-thumbnail","hentry","category-asayis"],"_links":{"self":[{"href":"https:\/\/www.egemtv.com\/index.php?rest_route=\/wp\/v2\/posts\/47626","targetHints":{"allow":["GET"]}}],"collection":[{"href":"https:\/\/www.egemtv.com\/index.php?rest_route=\/wp\/v2\/posts"}],"about":[{"href":"https:\/\/www.egemtv.com\/index.php?rest_route=\/wp\/v2\/types\/post"}],"author":[{"embeddable":true,"href":"https:\/\/www.egemtv.com\/index.php?rest_route=\/wp\/v2\/users\/1"}],"replies":[{"embeddable":true,"href":"https:\/\/www.egemtv.com\/index.php?rest_route=%2Fwp%2Fv2%2Fcomments&post=47626"}],"version-history":[{"count":1,"href":"https:\/\/www.egemtv.com\/index.php?rest_route=\/wp\/v2\/posts\/47626\/revisions"}],"predecessor-version":[{"id":47628,"href":"https:\/\/www.egemtv.com\/index.php?rest_route=\/wp\/v2\/posts\/47626\/revisions\/47628"}],"wp:featuredmedia":[{"embeddable":true,"href":"https:\/\/www.egemtv.com\/index.php?rest_route=\/wp\/v2\/media\/47627"}],"wp:attachment":[{"href":"https:\/\/www.egemtv.com\/index.php?rest_route=%2Fwp%2Fv2%2Fmedia&parent=47626"}],"wp:term":[{"taxonomy":"category","embeddable":true,"href":"https:\/\/www.egemtv.com\/index.php?rest_route=%2Fwp%2Fv2%2Fcategories&post=47626"},{"taxonomy":"post_tag","embeddable":true,"href":"https:\/\/www.egemtv.com\/index.php?rest_route=%2Fwp%2Fv2%2Ftags&post=47626"}],"curies":[{"name":"wp","href":"https:\/\/api.w.org\/{rel}","templated":true}]}}