{"id":47623,"date":"2025-08-08T17:54:52","date_gmt":"2025-08-08T14:54:52","guid":{"rendered":"https:\/\/www.egemtv.com\/?p=47623"},"modified":"2025-08-08T17:54:52","modified_gmt":"2025-08-08T14:54:52","slug":"yuzme-bilmeyen-kalmasin-projesi-cercevesinde-kamu-personelleri-kozlarini-havuzda-paylasti","status":"publish","type":"post","link":"https:\/\/www.egemtv.com\/?p=47623","title":{"rendered":"Y\u00fczme bilmeyen kalmas\u0131n projesi \u00e7er\u00e7evesinde kamu personelleri kozlar\u0131n\u0131 havuzda payla\u015ft\u0131"},"content":{"rendered":"<p>Gen\u00e7lik ve Spor Bakanl\u0131\u011f\u0131\u2019n\u0131n T\u00fcrkiye genelinde ba\u015flatm\u0131\u015f oldu\u011fu &#8220;Y\u00fczme Bilmeyen Kalmas\u0131n&#8221; projesi \u00e7er\u00e7evesinde o tarihten bu yana Burdur\u2019da 35 bin ki\u015fi y\u00fczme \u00f6\u011frendi. Proje \u00e7er\u00e7evesinde gen\u00e7lere te\u015fvik amac\u0131yla bug\u00fcn d\u00fczenlenen yar\u0131\u015flarda 8 kurumdan 21 kamu personeli k\u0131yas\u0131ya m\u00fccadele etti.<br \/>\n<br \/>Gen\u00e7lik ve Spor Bakanl\u0131\u011f\u0131 taraf\u0131ndan 2019 y\u0131l\u0131nda ba\u015flat\u0131lan &#8220;Y\u00fczme Bilmeyen Kalmas\u0131n&#8221; projesi \u00e7er\u00e7evesinde t\u00fcm T\u00fcrkiye\u2019de bakanl\u0131\u011fa ba\u011fl\u0131 y\u00fczme havuzlar\u0131nda vatanda\u015flara y\u00fczme \u00f6\u011fretiliyordu. Burdur\u2019da o tarihten itibaren yap\u0131lan kurslarda yakla\u015f\u0131k 35 bin ki\u015fiye y\u00fczme \u00f6\u011fretildi. Burdur Gen\u00e7lik ve Spor \u0130l M\u00fcd\u00fcrl\u00fc\u011f\u00fc taraf\u0131ndan vatanda\u015flar\u0131 y\u00fczmeyi te\u015fvik etmek amac\u0131yla &#8220;Kamu sporlar\u0131 y\u00fczme yar\u0131\u015fmas\u0131&#8221; ger\u00e7ekle\u015ftirildi. Burdur Merkez Kapal\u0131 Y\u00fczme Havuzunda ger\u00e7ekle\u015ftirilen yar\u0131\u015flarda 8 farkl\u0131 kurumdan 21 personel 3 farkl\u0131 stilde yar\u0131\u015farak hem keyifli vakit ge\u00e7irdi hem de y\u00fczmek isteyenlere te\u015fvikte bulundu. K\u0131yas\u0131ya ger\u00e7ekle\u015fen yar\u0131\u015flarda dereceye giren personellere kupa ve madalya takdim edildi.<\/p>\n<p>50 metre serbest stilde yar\u0131\u015flara kat\u0131lan ve herkesi y\u00fczme \u00f6\u011frenmeye te\u015fvik eden Burdur Gen\u00e7lik ve Spor \u0130l M\u00fcd\u00fcr\u00fc Orhan Kemerkaya proje hakk\u0131nda yapt\u0131\u011f\u0131 a\u00e7\u0131klamada, &#8220;\u0130limizde 2019 y\u0131l\u0131nda faaliyete ge\u00e7en Burdur Merkez Kapal\u0131 Y\u00fczme Havuzumuzda, \u2018Y\u00fczme Bilmeyen Kalmas\u0131n Projesi\u2019 kapsam\u0131nda bug\u00fcne kadar 35 bin \u00f6\u011frenciye y\u00fczme \u00f6\u011frettik. Bunun yan\u0131nda vatanda\u015flar\u0131m\u0131z, ev han\u0131mlar\u0131 ve ge\u00e7en y\u0131l ba\u015flatt\u0131\u011f\u0131m\u0131z \u2018Kamular Aras\u0131 Y\u00fczme Bilmeyen Kalmas\u0131n Projesi\u2019 kapsam\u0131nda 600\u2019\u00fcn \u00fczerinde kamu personelimiz y\u00fczme havuzundan yararland\u0131. Bug\u00fcn 8 kurumun m\u00fccadele etti\u011fi ve 21 sporcunun kat\u0131ld\u0131\u011f\u0131 \u2018Kamu Sporlar\u0131 Y\u00fczme Yar\u0131\u015fmas\u0131\u2019nda erkeklerde 50 metre serbest, 50 metre s\u0131rt\u00fcst\u00fc, 100 metre s\u0131rt\u00fcst\u00fc; kad\u0131nlarda ise 50 metre serbest ve 50 metre s\u0131rt\u00fcst\u00fc ile tak\u0131m m\u00fcsabakalar\u0131 yap\u0131ld\u0131. Dereceye giren sporculara madalyalar\u0131n\u0131 takdim edece\u011fiz. Burdur\u2019da ilk kez ger\u00e7ekle\u015ftirilen bu yar\u0131\u015fma hem kat\u0131lan sporculara hem ailelerine g\u00fczel bir deneyim oldu. Bu etkinli\u011fin devam\u0131n\u0131 getirerek y\u00fczme yar\u0131\u015flar\u0131n\u0131 \u00e7e\u015fitlendirece\u011fiz. Eski bir y\u00fcz\u00fcc\u00fc olarak ben de yar\u0131\u015fmalara kat\u0131ld\u0131m. 35 y\u0131l sonra yeniden bir yar\u0131\u015fa \u00e7\u0131kmak benim i\u00e7in de ayr\u0131 bir heyecan oldu. T\u00fcm sporculara ve y\u00fczme severlere te\u015fekk\u00fcr ediyorum&#8221; dedi.<br \/><\/p>\n","protected":false},"excerpt":{"rendered":"<p>Gen\u00e7lik ve Spor Bakanl\u0131\u011f\u0131\u2019n\u0131n T\u00fcrkiye genelinde ba\u015flatm\u0131\u015f oldu\u011fu &#8220;Y\u00fczme Bilmeyen Kalmas\u0131n&#8221; projesi \u00e7er\u00e7evesinde o tarihten bu yana Burdur\u2019da 35 bin ki\u015fi y\u00fczme \u00f6\u011frendi. Proje \u00e7er\u00e7evesinde gen\u00e7lere te\u015fvik amac\u0131yla bug\u00fcn d\u00fczenlenen yar\u0131\u015flarda 8 kurumdan 21 kamu personeli k\u0131yas\u0131ya m\u00fccadele etti. Gen\u00e7lik ve Spor Bakanl\u0131\u011f\u0131 taraf\u0131ndan 2019 y\u0131l\u0131nda ba\u015flat\u0131lan &#8220;Y\u00fczme Bilmeyen Kalmas\u0131n&#8221; projesi \u00e7er\u00e7evesinde t\u00fcm T\u00fcrkiye\u2019de bakanl\u0131\u011fa&#8230;<\/p>\n","protected":false},"author":1,"featured_media":47624,"comment_status":"open","ping_status":"open","sticky":false,"template":"","format":"standard","meta":{"_crdt_document":"","footnotes":""},"categories":[4],"tags":[],"class_list":["post-47623","post","type-post","status-publish","format-standard","has-post-thumbnail","hentry","category-spor"],"_links":{"self":[{"href":"https:\/\/www.egemtv.com\/index.php?rest_route=\/wp\/v2\/posts\/47623","targetHints":{"allow":["GET"]}}],"collection":[{"href":"https:\/\/www.egemtv.com\/index.php?rest_route=\/wp\/v2\/posts"}],"about":[{"href":"https:\/\/www.egemtv.com\/index.php?rest_route=\/wp\/v2\/types\/post"}],"author":[{"embeddable":true,"href":"https:\/\/www.egemtv.com\/index.php?rest_route=\/wp\/v2\/users\/1"}],"replies":[{"embeddable":true,"href":"https:\/\/www.egemtv.com\/index.php?rest_route=%2Fwp%2Fv2%2Fcomments&post=47623"}],"version-history":[{"count":1,"href":"https:\/\/www.egemtv.com\/index.php?rest_route=\/wp\/v2\/posts\/47623\/revisions"}],"predecessor-version":[{"id":47625,"href":"https:\/\/www.egemtv.com\/index.php?rest_route=\/wp\/v2\/posts\/47623\/revisions\/47625"}],"wp:featuredmedia":[{"embeddable":true,"href":"https:\/\/www.egemtv.com\/index.php?rest_route=\/wp\/v2\/media\/47624"}],"wp:attachment":[{"href":"https:\/\/www.egemtv.com\/index.php?rest_route=%2Fwp%2Fv2%2Fmedia&parent=47623"}],"wp:term":[{"taxonomy":"category","embeddable":true,"href":"https:\/\/www.egemtv.com\/index.php?rest_route=%2Fwp%2Fv2%2Fcategories&post=47623"},{"taxonomy":"post_tag","embeddable":true,"href":"https:\/\/www.egemtv.com\/index.php?rest_route=%2Fwp%2Fv2%2Ftags&post=47623"}],"curies":[{"name":"wp","href":"https:\/\/api.w.org\/{rel}","templated":true}]}}