{"id":47620,"date":"2025-08-08T17:35:57","date_gmt":"2025-08-08T14:35:57","guid":{"rendered":"https:\/\/www.egemtv.com\/?p=47620"},"modified":"2025-08-08T17:35:58","modified_gmt":"2025-08-08T14:35:58","slug":"tarlasinda-yetistirdigi-20-ton-patatesi-vatandasa-dagitti","status":"publish","type":"post","link":"https:\/\/www.egemtv.com\/?p=47620","title":{"rendered":"Tarlas\u0131nda yeti\u015ftirdi\u011fi 20 ton patatesi vatanda\u015fa da\u011f\u0131tt\u0131"},"content":{"rendered":"<p>Afyonkarahisar\u2019da bir \u00fcretici, tarlas\u0131nda yeti\u015ftirdi\u011fi patatesleri \u00e7uvallarla vatanda\u015fa da\u011f\u0131tt\u0131.<br \/>\n<br \/>Sand\u0131kl\u0131 il\u00e7esi Ece Mahallesi\u2019nde bir hay\u0131rsever, yeti\u015ftirdi\u011fi patatesleri \u00fccretsiz olarak vatanda\u015flarla bulu\u015fturdu. T\u0131r ile getirilen toplam 20 ton patates, 20 kilograml\u0131k \u00e7uvallar ile paketlenerek \u00e7evre sakinlerine da\u011f\u0131t\u0131ld\u0131. Da\u011f\u0131t\u0131m\u0131n yap\u0131ld\u0131\u011f\u0131 alanda s\u0131raya giren insanlar yo\u011funluk olu\u015fturdu. Yap\u0131lan bu anlaml\u0131 davran\u0131\u015f, mahallelinin takdirini kazand\u0131.<br \/><\/p>\n","protected":false},"excerpt":{"rendered":"<p>Afyonkarahisar\u2019da bir \u00fcretici, tarlas\u0131nda yeti\u015ftirdi\u011fi patatesleri \u00e7uvallarla vatanda\u015fa da\u011f\u0131tt\u0131. Sand\u0131kl\u0131 il\u00e7esi Ece Mahallesi\u2019nde bir hay\u0131rsever, yeti\u015ftirdi\u011fi patatesleri \u00fccretsiz olarak vatanda\u015flarla bulu\u015fturdu. T\u0131r ile getirilen toplam 20 ton patates, 20 kilograml\u0131k \u00e7uvallar ile paketlenerek \u00e7evre sakinlerine da\u011f\u0131t\u0131ld\u0131. Da\u011f\u0131t\u0131m\u0131n yap\u0131ld\u0131\u011f\u0131 alanda s\u0131raya giren insanlar yo\u011funluk olu\u015fturdu. Yap\u0131lan bu anlaml\u0131 davran\u0131\u015f, mahallelinin takdirini kazand\u0131.<\/p>\n","protected":false},"author":1,"featured_media":47621,"comment_status":"open","ping_status":"open","sticky":false,"template":"","format":"standard","meta":{"_crdt_document":"","footnotes":""},"categories":[123],"tags":[],"class_list":["post-47620","post","type-post","status-publish","format-standard","has-post-thumbnail","hentry","category-gundem"],"_links":{"self":[{"href":"https:\/\/www.egemtv.com\/index.php?rest_route=\/wp\/v2\/posts\/47620","targetHints":{"allow":["GET"]}}],"collection":[{"href":"https:\/\/www.egemtv.com\/index.php?rest_route=\/wp\/v2\/posts"}],"about":[{"href":"https:\/\/www.egemtv.com\/index.php?rest_route=\/wp\/v2\/types\/post"}],"author":[{"embeddable":true,"href":"https:\/\/www.egemtv.com\/index.php?rest_route=\/wp\/v2\/users\/1"}],"replies":[{"embeddable":true,"href":"https:\/\/www.egemtv.com\/index.php?rest_route=%2Fwp%2Fv2%2Fcomments&post=47620"}],"version-history":[{"count":1,"href":"https:\/\/www.egemtv.com\/index.php?rest_route=\/wp\/v2\/posts\/47620\/revisions"}],"predecessor-version":[{"id":47622,"href":"https:\/\/www.egemtv.com\/index.php?rest_route=\/wp\/v2\/posts\/47620\/revisions\/47622"}],"wp:featuredmedia":[{"embeddable":true,"href":"https:\/\/www.egemtv.com\/index.php?rest_route=\/wp\/v2\/media\/47621"}],"wp:attachment":[{"href":"https:\/\/www.egemtv.com\/index.php?rest_route=%2Fwp%2Fv2%2Fmedia&parent=47620"}],"wp:term":[{"taxonomy":"category","embeddable":true,"href":"https:\/\/www.egemtv.com\/index.php?rest_route=%2Fwp%2Fv2%2Fcategories&post=47620"},{"taxonomy":"post_tag","embeddable":true,"href":"https:\/\/www.egemtv.com\/index.php?rest_route=%2Fwp%2Fv2%2Ftags&post=47620"}],"curies":[{"name":"wp","href":"https:\/\/api.w.org\/{rel}","templated":true}]}}