{"id":47617,"date":"2025-08-08T17:35:56","date_gmt":"2025-08-08T14:35:56","guid":{"rendered":"https:\/\/www.egemtv.com\/?p=47617"},"modified":"2025-08-08T17:35:57","modified_gmt":"2025-08-08T14:35:57","slug":"mentesede-otomobil-ile-motosiklet-carpisti-2-yarali","status":"publish","type":"post","link":"https:\/\/www.egemtv.com\/?p=47617","title":{"rendered":"Mente\u015fe\u2019de otomobil ile motosiklet \u00e7arp\u0131\u015ft\u0131: 2 yaral\u0131"},"content":{"rendered":"<p>Mu\u011fla\u2019n\u0131n Mente\u015fe il\u00e7esinde otomobil ile motosikletin \u00e7arp\u0131\u015fmas\u0131 sonucu 2 ki\u015fi yaraland\u0131.<br \/>\n<br \/>Kaza, Muslihittin Mahallesi Camc\u0131 Sokak\u2019ta meydana geldi. Edinilen bilgiye g\u00f6re, 48 DB 586 plakal\u0131 motosiklet sa\u011fdan gelirken, 48 AKU 638 plakal\u0131 otomobil yoku\u015f a\u015fa\u011f\u0131 inerken \u00e7arp\u0131\u015ft\u0131.<br \/>\n<br \/>Kazada motosiklette bulunan iki ki\u015fi yaraland\u0131. \u0130hbar \u00fczerine b\u00f6lgeye 112 Acil Sa\u011fl\u0131k ekipleri sevk edildi. Yaral\u0131lar, olay yerindeki ilk m\u00fcdahalelerinin ard\u0131ndan hastaneye kald\u0131r\u0131ld\u0131.<br \/>\n<br \/>Mahalle sakinleri, kazan\u0131n meydana geldi\u011fi yoku\u015fun y\u00f6n\u00fcn\u00fcn k\u0131sa s\u00fcre \u00f6nce de\u011fi\u015ftirildi\u011fini belirttiler.<\/p>\n","protected":false},"excerpt":{"rendered":"<p>Mu\u011fla\u2019n\u0131n Mente\u015fe il\u00e7esinde otomobil ile motosikletin \u00e7arp\u0131\u015fmas\u0131 sonucu 2 ki\u015fi yaraland\u0131. Kaza, Muslihittin Mahallesi Camc\u0131 Sokak\u2019ta meydana geldi. Edinilen bilgiye g\u00f6re, 48 DB 586 plakal\u0131 motosiklet sa\u011fdan gelirken, 48 AKU 638 plakal\u0131 otomobil yoku\u015f a\u015fa\u011f\u0131 inerken \u00e7arp\u0131\u015ft\u0131. Kazada motosiklette bulunan iki ki\u015fi yaraland\u0131. \u0130hbar \u00fczerine b\u00f6lgeye 112 Acil Sa\u011fl\u0131k ekipleri sevk edildi. Yaral\u0131lar, olay yerindeki&#8230;<\/p>\n","protected":false},"author":1,"featured_media":47618,"comment_status":"open","ping_status":"open","sticky":false,"template":"","format":"standard","meta":{"_crdt_document":"","footnotes":""},"categories":[5],"tags":[],"class_list":["post-47617","post","type-post","status-publish","format-standard","has-post-thumbnail","hentry","category-asayis"],"_links":{"self":[{"href":"https:\/\/www.egemtv.com\/index.php?rest_route=\/wp\/v2\/posts\/47617","targetHints":{"allow":["GET"]}}],"collection":[{"href":"https:\/\/www.egemtv.com\/index.php?rest_route=\/wp\/v2\/posts"}],"about":[{"href":"https:\/\/www.egemtv.com\/index.php?rest_route=\/wp\/v2\/types\/post"}],"author":[{"embeddable":true,"href":"https:\/\/www.egemtv.com\/index.php?rest_route=\/wp\/v2\/users\/1"}],"replies":[{"embeddable":true,"href":"https:\/\/www.egemtv.com\/index.php?rest_route=%2Fwp%2Fv2%2Fcomments&post=47617"}],"version-history":[{"count":1,"href":"https:\/\/www.egemtv.com\/index.php?rest_route=\/wp\/v2\/posts\/47617\/revisions"}],"predecessor-version":[{"id":47619,"href":"https:\/\/www.egemtv.com\/index.php?rest_route=\/wp\/v2\/posts\/47617\/revisions\/47619"}],"wp:featuredmedia":[{"embeddable":true,"href":"https:\/\/www.egemtv.com\/index.php?rest_route=\/wp\/v2\/media\/47618"}],"wp:attachment":[{"href":"https:\/\/www.egemtv.com\/index.php?rest_route=%2Fwp%2Fv2%2Fmedia&parent=47617"}],"wp:term":[{"taxonomy":"category","embeddable":true,"href":"https:\/\/www.egemtv.com\/index.php?rest_route=%2Fwp%2Fv2%2Fcategories&post=47617"},{"taxonomy":"post_tag","embeddable":true,"href":"https:\/\/www.egemtv.com\/index.php?rest_route=%2Fwp%2Fv2%2Ftags&post=47617"}],"curies":[{"name":"wp","href":"https:\/\/api.w.org\/{rel}","templated":true}]}}