{"id":47614,"date":"2025-08-08T17:15:01","date_gmt":"2025-08-08T14:15:01","guid":{"rendered":"https:\/\/www.egemtv.com\/?p=47614"},"modified":"2025-08-08T17:15:02","modified_gmt":"2025-08-08T14:15:02","slug":"sandiklida-cikan-ot-yangini-panige-neden-oldu","status":"publish","type":"post","link":"https:\/\/www.egemtv.com\/?p=47614","title":{"rendered":"Sand\u0131kl\u0131\u2019da \u00e7\u0131kan ot yang\u0131n\u0131 pani\u011fe neden oldu"},"content":{"rendered":"<p>Afyonkarahisar\u2019\u0131n Sand\u0131kl\u0131 il\u00e7esinde \u00e7\u0131kan ot yang\u0131n\u0131, vatanda\u015f\u0131n ve itfaiye ekiplerinin 1 saat s\u00fcren \u00e7al\u0131\u015fmas\u0131 sonucunda kontrol alt\u0131na al\u0131nd\u0131.<br \/>\n<br \/>Olay, Tepekent-H\u0131d\u0131rl\u0131k mevkiinde meydana geldi. Edinilen bilgilere g\u00f6re, saat 15.00 s\u0131ralar\u0131nda b\u00f6lgedeki otluk bir alanda hen\u00fcz belirlenemeyen sebeple yang\u0131n \u00e7\u0131kt\u0131. K\u0131sa s\u00fcrede b\u00fcy\u00fcyen alevleri fark eden \u00e7evredeki vatanda\u015flar durumu 112 Acil Servis\u2019e bildirdi. \u0130hbar \u00fczerine b\u00f6lgeye \u00e7ok say\u0131da itfaiye ekibi sevk edildi. \u00c7evredeki vatanda\u015flar ve itfaiyenin m\u00fcdahalesi sonucunda yang\u0131n 1 saat i\u00e7erisinde kontrol alt\u0131na al\u0131nd\u0131. Yang\u0131nda \u00e7ok say\u0131da badem a\u011fac\u0131n\u0131n zarar g\u00f6rd\u00fc\u011f\u00fc belirtilirken, so\u011futma \u00e7al\u0131\u015fmalar\u0131n\u0131n devam etti\u011fi \u00f6\u011frenildi.<br \/><\/p>\n","protected":false},"excerpt":{"rendered":"<p>Afyonkarahisar\u2019\u0131n Sand\u0131kl\u0131 il\u00e7esinde \u00e7\u0131kan ot yang\u0131n\u0131, vatanda\u015f\u0131n ve itfaiye ekiplerinin 1 saat s\u00fcren \u00e7al\u0131\u015fmas\u0131 sonucunda kontrol alt\u0131na al\u0131nd\u0131. Olay, Tepekent-H\u0131d\u0131rl\u0131k mevkiinde meydana geldi. Edinilen bilgilere g\u00f6re, saat 15.00 s\u0131ralar\u0131nda b\u00f6lgedeki otluk bir alanda hen\u00fcz belirlenemeyen sebeple yang\u0131n \u00e7\u0131kt\u0131. K\u0131sa s\u00fcrede b\u00fcy\u00fcyen alevleri fark eden \u00e7evredeki vatanda\u015flar durumu 112 Acil Servis\u2019e bildirdi. \u0130hbar \u00fczerine b\u00f6lgeye \u00e7ok&#8230;<\/p>\n","protected":false},"author":1,"featured_media":47615,"comment_status":"open","ping_status":"open","sticky":false,"template":"","format":"standard","meta":{"_crdt_document":"","footnotes":""},"categories":[5],"tags":[],"class_list":["post-47614","post","type-post","status-publish","format-standard","has-post-thumbnail","hentry","category-asayis"],"_links":{"self":[{"href":"https:\/\/www.egemtv.com\/index.php?rest_route=\/wp\/v2\/posts\/47614","targetHints":{"allow":["GET"]}}],"collection":[{"href":"https:\/\/www.egemtv.com\/index.php?rest_route=\/wp\/v2\/posts"}],"about":[{"href":"https:\/\/www.egemtv.com\/index.php?rest_route=\/wp\/v2\/types\/post"}],"author":[{"embeddable":true,"href":"https:\/\/www.egemtv.com\/index.php?rest_route=\/wp\/v2\/users\/1"}],"replies":[{"embeddable":true,"href":"https:\/\/www.egemtv.com\/index.php?rest_route=%2Fwp%2Fv2%2Fcomments&post=47614"}],"version-history":[{"count":1,"href":"https:\/\/www.egemtv.com\/index.php?rest_route=\/wp\/v2\/posts\/47614\/revisions"}],"predecessor-version":[{"id":47616,"href":"https:\/\/www.egemtv.com\/index.php?rest_route=\/wp\/v2\/posts\/47614\/revisions\/47616"}],"wp:featuredmedia":[{"embeddable":true,"href":"https:\/\/www.egemtv.com\/index.php?rest_route=\/wp\/v2\/media\/47615"}],"wp:attachment":[{"href":"https:\/\/www.egemtv.com\/index.php?rest_route=%2Fwp%2Fv2%2Fmedia&parent=47614"}],"wp:term":[{"taxonomy":"category","embeddable":true,"href":"https:\/\/www.egemtv.com\/index.php?rest_route=%2Fwp%2Fv2%2Fcategories&post=47614"},{"taxonomy":"post_tag","embeddable":true,"href":"https:\/\/www.egemtv.com\/index.php?rest_route=%2Fwp%2Fv2%2Ftags&post=47614"}],"curies":[{"name":"wp","href":"https:\/\/api.w.org\/{rel}","templated":true}]}}