{"id":47608,"date":"2025-08-08T16:14:49","date_gmt":"2025-08-08T13:14:49","guid":{"rendered":"https:\/\/www.egemtv.com\/?p=47608"},"modified":"2025-08-08T16:14:49","modified_gmt":"2025-08-08T13:14:49","slug":"savuca-mahallesindeki-sorununa-aski-kalici-cozum-getiriyor","status":"publish","type":"post","link":"https:\/\/www.egemtv.com\/?p=47608","title":{"rendered":"Savuca Mahallesi\u2019ndeki sorununa ASK\u0130 kal\u0131c\u0131 \u00e7\u00f6z\u00fcm getiriyor"},"content":{"rendered":"<p>S\u00f6ke\u2019ye ba\u011fl\u0131 Savuca Mahallesi\u2019nde uzun s\u00fcredir vatanda\u015flar\u0131n \u015fikayetlerine neden olan dere \u00e7evresindeki kanalizasyon sorunu \u00e7\u00f6z\u00fcme kavu\u015fuyor. Ayd\u0131n B\u00fcy\u00fck\u015fehir Belediyesi taraf\u0131ndan ba\u015flat\u0131lan \u00e7al\u0131\u015fmayla birlikte dereye akan evsel at\u0131k sular\u0131n \u00f6n\u00fcne ge\u00e7ilecek.<\/p>\n<p>Daha \u00f6nce tamamlanan altyap\u0131 \u00e7al\u0131\u015fmalar\u0131n\u0131n eksik kalan b\u00f6l\u00fcm\u00fc olan dere i\u00e7i ve \u00e7evresindeki evlerin kanalizasyon hatlar\u0131, Ayd\u0131n Su ve Kanalizasyon \u0130daresi Genel M\u00fcd\u00fcrl\u00fc\u011f\u00fc (ASK\u0130) ekipleri taraf\u0131ndan tamamlan\u0131yor. Proje kapsam\u0131nda yakla\u015f\u0131k 500 metre uzunlu\u011funda ve 200 milimetre \u00e7ap\u0131nda polietilen borular d\u00f6\u015feniyor. Yeni hat, dayan\u0131kl\u0131l\u0131\u011f\u0131 art\u0131rmak ve \u00e7evresel riskleri en aza indirmek i\u00e7in beton g\u00f6mlek i\u00e7ine al\u0131n\u0131yor. \u00c7al\u0131\u015fman\u0131n k\u0131sa s\u00fcrede tamamlanmas\u0131 planlan\u0131rken, bu sayede dereye do\u011frudan akan evsel at\u0131k sular\u0131n \u00f6n\u00fcne ge\u00e7ilmi\u015f olacak. B\u00f6ylece hem k\u00f6t\u00fc koku hem de \u00e7evrede rahats\u0131zl\u0131k olu\u015fturan g\u00f6rsel kirlilik ortadan kalkacak.<\/p>\n<p>ASK\u0130 Genel M\u00fcd\u00fcr\u00fc Hakan Olka\u00e7 ile birlikte Savuca\u2019da yap\u0131lan \u00e7al\u0131\u015fmalar\u0131 yerinde inceleyen S\u00f6ke Belediye Ba\u015fkan\u0131 Dr. Mustafa \u0130berya Ar\u0131kan; \u00e7al\u0131\u015fmalardan dolay\u0131 B\u00fcy\u00fck\u015fehir Belediye Ba\u015fkan\u0131 \u00d6zlem \u00c7er\u00e7io\u011flu\u2019na te\u015fekk\u00fcr etti.<\/p>\n<p>Altyap\u0131da eksikli\u011fi g\u00f6r\u00fclen hat d\u00f6\u015feme \u00e7al\u0131\u015fmas\u0131n\u0131n yap\u0131ld\u0131\u011f\u0131n\u0131 belirten Ba\u015fkan Ar\u0131kan, &#8220;Savuca Mahallemizde kanalizasyon altyap\u0131s\u0131 anlam\u0131nda art\u0131k son noktaya geliyoruz. Ba\u015fta B\u00fcy\u00fck\u015fehir Belediye Ba\u015fkan\u0131m\u0131z Say\u0131n \u00d6zlem \u00c7er\u00e7io\u011flu olmak \u00fczere t\u00fcm b\u00fcy\u00fck\u015fehir b\u00fcrokratlar\u0131m\u0131z ve emek\u00e7ilerimize te\u015fekk\u00fcr ediyorum&#8221; dedi.<br \/><\/p>\n","protected":false},"excerpt":{"rendered":"<p>S\u00f6ke\u2019ye ba\u011fl\u0131 Savuca Mahallesi\u2019nde uzun s\u00fcredir vatanda\u015flar\u0131n \u015fikayetlerine neden olan dere \u00e7evresindeki kanalizasyon sorunu \u00e7\u00f6z\u00fcme kavu\u015fuyor. Ayd\u0131n B\u00fcy\u00fck\u015fehir Belediyesi taraf\u0131ndan ba\u015flat\u0131lan \u00e7al\u0131\u015fmayla birlikte dereye akan evsel at\u0131k sular\u0131n \u00f6n\u00fcne ge\u00e7ilecek. Daha \u00f6nce tamamlanan altyap\u0131 \u00e7al\u0131\u015fmalar\u0131n\u0131n eksik kalan b\u00f6l\u00fcm\u00fc olan dere i\u00e7i ve \u00e7evresindeki evlerin kanalizasyon hatlar\u0131, Ayd\u0131n Su ve Kanalizasyon \u0130daresi Genel M\u00fcd\u00fcrl\u00fc\u011f\u00fc (ASK\u0130) ekipleri&#8230;<\/p>\n","protected":false},"author":1,"featured_media":47609,"comment_status":"open","ping_status":"open","sticky":false,"template":"","format":"standard","meta":{"_crdt_document":"","footnotes":""},"categories":[127],"tags":[],"class_list":["post-47608","post","type-post","status-publish","format-standard","has-post-thumbnail","hentry","category-siyaset"],"_links":{"self":[{"href":"https:\/\/www.egemtv.com\/index.php?rest_route=\/wp\/v2\/posts\/47608","targetHints":{"allow":["GET"]}}],"collection":[{"href":"https:\/\/www.egemtv.com\/index.php?rest_route=\/wp\/v2\/posts"}],"about":[{"href":"https:\/\/www.egemtv.com\/index.php?rest_route=\/wp\/v2\/types\/post"}],"author":[{"embeddable":true,"href":"https:\/\/www.egemtv.com\/index.php?rest_route=\/wp\/v2\/users\/1"}],"replies":[{"embeddable":true,"href":"https:\/\/www.egemtv.com\/index.php?rest_route=%2Fwp%2Fv2%2Fcomments&post=47608"}],"version-history":[{"count":1,"href":"https:\/\/www.egemtv.com\/index.php?rest_route=\/wp\/v2\/posts\/47608\/revisions"}],"predecessor-version":[{"id":47610,"href":"https:\/\/www.egemtv.com\/index.php?rest_route=\/wp\/v2\/posts\/47608\/revisions\/47610"}],"wp:featuredmedia":[{"embeddable":true,"href":"https:\/\/www.egemtv.com\/index.php?rest_route=\/wp\/v2\/media\/47609"}],"wp:attachment":[{"href":"https:\/\/www.egemtv.com\/index.php?rest_route=%2Fwp%2Fv2%2Fmedia&parent=47608"}],"wp:term":[{"taxonomy":"category","embeddable":true,"href":"https:\/\/www.egemtv.com\/index.php?rest_route=%2Fwp%2Fv2%2Fcategories&post=47608"},{"taxonomy":"post_tag","embeddable":true,"href":"https:\/\/www.egemtv.com\/index.php?rest_route=%2Fwp%2Fv2%2Ftags&post=47608"}],"curies":[{"name":"wp","href":"https:\/\/api.w.org\/{rel}","templated":true}]}}