{"id":47602,"date":"2025-08-08T15:55:42","date_gmt":"2025-08-08T12:55:42","guid":{"rendered":"https:\/\/www.egemtv.com\/?p=47602"},"modified":"2025-08-08T15:55:43","modified_gmt":"2025-08-08T12:55:43","slug":"baskan-ceyda-cetin-erenlerden-belediye-yonetimine-elestiri","status":"publish","type":"post","link":"https:\/\/www.egemtv.com\/?p=47602","title":{"rendered":"Ba\u015fkan Ceyda \u00c7etin Erenler\u2019den belediye y\u00f6netimine ele\u015ftiri"},"content":{"rendered":"<p>AK Parti K\u00fctahya \u0130l Ba\u015fkan\u0131 Ceyda \u00c7etin Erenler, 6 A\u011fustos \u00c7ar\u015famba g\u00fcn\u00fc ger\u00e7ekle\u015ftirilen Belediye Meclisi toplant\u0131s\u0131nda g\u00fcndeme gelen konular ve Belediye Ba\u015fkan\u0131 Ey\u00fcp Kahveci\u2019nin a\u00e7\u0131klamalar\u0131yla ilgili kamuoyunu bilgilendirme gere\u011fi duyduklar\u0131n\u0131 a\u00e7\u0131klad\u0131.<br \/>\n<br \/>Erenler, uzun s\u00fcredir esnaf\u0131 ma\u011fdur eden ticari alanlarda \u00f6n bah\u00e7e kullan\u0131m\u0131 konusunun, g\u00fcndemde olmamas\u0131na ra\u011fmen tekrar meclise getirildi\u011fini belirterek, &#8220;Ba\u015fkan bu ma\u011fduriyetin sebebini Cumhur \u0130ttifak\u0131m\u0131za y\u00fcklemeye \u00e7al\u0131\u015fmaktad\u0131r&#8221; dedi.<br \/>\n<br \/>2007 y\u0131l\u0131ndan itibaren ana caddelerde ticari hayat\u0131 desteklemek amac\u0131yla apartman sakinlerinin onay\u0131 ve cephe esteti\u011fine dikkat edilmesi \u015fart\u0131yla \u00f6n bah\u00e7e kullan\u0131m\u0131na izin verildi\u011fini hat\u0131rlatan Ceyda \u00c7etin Erenler, AK Parti d\u00f6neminde bu izinler i\u00e7in hi\u00e7bir \u00fccret ya da ba\u011f\u0131\u015f al\u0131nmad\u0131\u011f\u0131n\u0131 s\u00f6yledi. Erenler, 2024 yerel se\u00e7imleri sonras\u0131 mevcut ba\u015fkan ve imardan sorumlu ba\u015fkan yard\u0131mc\u0131s\u0131n\u0131n metrekare ba\u015f\u0131na zorunlu ba\u011f\u0131\u015f uygulamas\u0131 ba\u015flatt\u0131\u011f\u0131n\u0131, bunun da zamanla art\u0131r\u0131larak y\u0131ll\u0131k hale getirildi\u011fini vurgulad\u0131.<\/p>\n<p>&#8220;Zorunlu ba\u011f\u0131\u015flara kar\u015f\u0131y\u0131z&#8221;<br \/>\n<br \/>Ba\u015fkan Erenler, &#8220;Biz AK Parti olarak zorunlu ba\u011f\u0131\u015flara kar\u015f\u0131y\u0131z. \u00d6n kapatma konusunda tek yetkili olan belediye ba\u015fkan\u0131n\u0131n sorumluluk almas\u0131n\u0131, irade kullanmas\u0131n\u0131 ve esnaf\u0131m\u0131z\u0131 ma\u011fdur etmemesini bekliyoruz&#8221; ifadelerini kulland\u0131.<\/p>\n<p>Su fiyat\u0131 tart\u0131\u015fmas\u0131<br \/>\n<br \/>Erenler, se\u00e7im vaatleri aras\u0131nda yer alan su fiyatlar\u0131n\u0131 d\u00fc\u015f\u00fcrme s\u00f6z\u00fcn\u00fcn aksine belediye y\u00f6netiminin suya zam yapt\u0131\u011f\u0131n\u0131 \u00f6ne s\u00fcrd\u00fc. 4 Haziran 2025\u2019te verdikleri \u00f6nergeyle suyun ton fiyat\u0131n\u0131 10 TL\u2019ye d\u00fc\u015f\u00fcrme tekliflerinin mecliste kabul edildi\u011fini ancak ba\u015fkan\u0131n veto ederek meclise iade etti\u011fini aktaran Erenler, 6 A\u011fustos\u2019taki oylamada ise MHP grubunun &#8220;sehven&#8221; \u00e7ekimser kalmas\u0131 nedeniyle fiyat\u0131n d\u00fc\u015f\u00fcr\u00fclemedi\u011fini s\u00f6yledi.<\/p>\n<p>&#8220;Mazeret de\u011fil \u00e7\u00f6z\u00fcm bekliyoruz&#8221;<br \/>\n<br \/>Ba\u015fkan Ceyda \u00c7etin Erenler, ba\u015fkan\u0131n &#8220;s\u00f6z verdik, yapt\u0131k&#8221; diyerek payla\u015ft\u0131\u011f\u0131 projelerin ekseriyas\u0131n\u0131n kendisinden \u00f6nce ba\u015flat\u0131ld\u0131\u011f\u0131n\u0131 ve b\u00fcy\u00fck oranda tamamland\u0131\u011f\u0131n\u0131, baz\u0131lar\u0131nda ise sadece a\u00e7\u0131l\u0131\u015f yap\u0131ld\u0131\u011f\u0131n\u0131 ifade etti.<br \/>\n<br \/>K\u00fctahya\u2019da Ulu Cami \u00e7evresindeki tozlu g\u00f6r\u00fcnt\u00fc, bozuk yollar, bak\u0131ms\u0131z parklar, kurumu\u015f ref\u00fcjler, Il\u0131ca\u2019daki su sorunu, ila\u00e7lama eksikli\u011fi nedeniyle artan sinek \u015fikayetleri ve plans\u0131z d\u00fczenlemeler sonucu olu\u015fan trafik sorunlar\u0131na dikkat \u00e7eken Erenler, &#8220;Hem\u015ferilerimiz ad\u0131na meclise getirilecek her giri\u015fime destek vermeye ve K\u00fctahya\u2019n\u0131n sesi olmaya devam edece\u011fiz&#8221; dedi.<br \/><\/p>\n","protected":false},"excerpt":{"rendered":"<p>AK Parti K\u00fctahya \u0130l Ba\u015fkan\u0131 Ceyda \u00c7etin Erenler, 6 A\u011fustos \u00c7ar\u015famba g\u00fcn\u00fc ger\u00e7ekle\u015ftirilen Belediye Meclisi toplant\u0131s\u0131nda g\u00fcndeme gelen konular ve Belediye Ba\u015fkan\u0131 Ey\u00fcp Kahveci\u2019nin a\u00e7\u0131klamalar\u0131yla ilgili kamuoyunu bilgilendirme gere\u011fi duyduklar\u0131n\u0131 a\u00e7\u0131klad\u0131. Erenler, uzun s\u00fcredir esnaf\u0131 ma\u011fdur eden ticari alanlarda \u00f6n bah\u00e7e kullan\u0131m\u0131 konusunun, g\u00fcndemde olmamas\u0131na ra\u011fmen tekrar meclise getirildi\u011fini belirterek, &#8220;Ba\u015fkan bu ma\u011fduriyetin sebebini Cumhur&#8230;<\/p>\n","protected":false},"author":1,"featured_media":47603,"comment_status":"open","ping_status":"open","sticky":false,"template":"","format":"standard","meta":{"_crdt_document":"","footnotes":""},"categories":[127],"tags":[],"class_list":["post-47602","post","type-post","status-publish","format-standard","has-post-thumbnail","hentry","category-siyaset"],"_links":{"self":[{"href":"https:\/\/www.egemtv.com\/index.php?rest_route=\/wp\/v2\/posts\/47602","targetHints":{"allow":["GET"]}}],"collection":[{"href":"https:\/\/www.egemtv.com\/index.php?rest_route=\/wp\/v2\/posts"}],"about":[{"href":"https:\/\/www.egemtv.com\/index.php?rest_route=\/wp\/v2\/types\/post"}],"author":[{"embeddable":true,"href":"https:\/\/www.egemtv.com\/index.php?rest_route=\/wp\/v2\/users\/1"}],"replies":[{"embeddable":true,"href":"https:\/\/www.egemtv.com\/index.php?rest_route=%2Fwp%2Fv2%2Fcomments&post=47602"}],"version-history":[{"count":1,"href":"https:\/\/www.egemtv.com\/index.php?rest_route=\/wp\/v2\/posts\/47602\/revisions"}],"predecessor-version":[{"id":47604,"href":"https:\/\/www.egemtv.com\/index.php?rest_route=\/wp\/v2\/posts\/47602\/revisions\/47604"}],"wp:featuredmedia":[{"embeddable":true,"href":"https:\/\/www.egemtv.com\/index.php?rest_route=\/wp\/v2\/media\/47603"}],"wp:attachment":[{"href":"https:\/\/www.egemtv.com\/index.php?rest_route=%2Fwp%2Fv2%2Fmedia&parent=47602"}],"wp:term":[{"taxonomy":"category","embeddable":true,"href":"https:\/\/www.egemtv.com\/index.php?rest_route=%2Fwp%2Fv2%2Fcategories&post=47602"},{"taxonomy":"post_tag","embeddable":true,"href":"https:\/\/www.egemtv.com\/index.php?rest_route=%2Fwp%2Fv2%2Ftags&post=47602"}],"curies":[{"name":"wp","href":"https:\/\/api.w.org\/{rel}","templated":true}]}}