{"id":47596,"date":"2025-08-08T15:35:31","date_gmt":"2025-08-08T12:35:31","guid":{"rendered":"https:\/\/www.egemtv.com\/?p=47596"},"modified":"2025-08-08T15:35:32","modified_gmt":"2025-08-08T12:35:32","slug":"bodrumun-patlayan-hatlarini-buyuksehir-yeniliyor","status":"publish","type":"post","link":"https:\/\/www.egemtv.com\/?p=47596","title":{"rendered":"Bodrum\u2019un patlayan hatlar\u0131n\u0131 b\u00fcy\u00fck\u015fehir yeniliyor"},"content":{"rendered":"<p>Mu\u011fla B\u00fcy\u00fck\u015fehir Belediyesi MUSK\u0130 Genel M\u00fcd\u00fcrl\u00fc\u011f\u00fc, Bodrum\u2019da s\u00fcrekli ar\u0131zalanarak su, i\u015f g\u00fcc\u00fc ve maddi kay\u0131plara neden olan ar\u0131zal\u0131 i\u00e7me suyu altyap\u0131s\u0131n\u0131 yenilemek i\u00e7in ba\u015flatt\u0131\u011f\u0131 \u00e7al\u0131\u015fmalar\u0131n 7 bin 900 metrelik k\u0131sm\u0131n\u0131 tamamlad\u0131. Torba, Oyder-Bitez ve Turgutreis hatlar\u0131nda ba\u015flat\u0131lan yenileme \u00e7al\u0131\u015fmalar\u0131 ile b\u00f6lgedeki ana hatlar yenilenerek b\u00f6lgedeki i\u00e7me suyu iletim kapasitesinin art\u0131r\u0131lmas\u0131 hedefleniyor.<\/p>\n<p>Bodrum\u2019da y\u0131llard\u0131r devam eden ve kentin en \u00f6nemli sorunu haline gelen ar\u0131zal\u0131 i\u00e7me suyu hatlar\u0131yla ilgili \u00e7\u00f6z\u00fcm ad\u0131na en \u00f6nemli ad\u0131m\u0131 Mu\u011fla B\u00fcy\u00fck\u015fehir Belediyesi att\u0131. Ba\u015fkan Ahmet Aras\u2019\u0131n \u00f6nemle \u00fczerinde durdu\u011fu Bodrum ana i\u00e7me suyu hatlar\u0131n\u0131n yenileme \u00e7al\u0131\u015fmalar\u0131 MUSK\u0130 Genel M\u00fcd\u00fcrl\u00fc\u011f\u00fcnce s\u00fcrerken \u00e7al\u0131\u015fmalar\u0131n 7 bin 900 metrelik k\u0131sm\u0131 tamamland\u0131.<\/p>\n<p>Bodrum\u2019da \u00f6zellikle yaz aylar\u0131nda artan n\u00fcfus ve yo\u011fun t\u00fcketim nedeniyle ya\u015fanan su kesintileri ile bas\u0131n\u00e7 d\u00fc\u015f\u00fckl\u00fcklerinin \u00f6n\u00fcne ge\u00e7mek amac\u0131yla ba\u015flat\u0131lan ana isale hatt\u0131 yenileme projesi, il\u00e7enin uzun vadeli su ihtiyac\u0131n\u0131 kar\u015f\u0131layacak \u00f6nemli ad\u0131mlardan biri olarak g\u00f6r\u00fcl\u00fcyor. \u00c7al\u0131\u015fmalar kapsam\u0131nda yanl\u0131\u015f malzeme se\u00e7iminden kaynakl\u0131 s\u00fcrekli patlayan ve ar\u0131zalanan hatlar modern malzemelerle yenileniyor. Duktil ye3rine \u00e7elik boru ile yap\u0131lan yenileme \u00e7al\u0131\u015fmas\u0131 ile iletim kapasitesi g\u00fc\u00e7lendirilerek suyun daha verimli \u015fekilde iletilmesi sa\u011flan\u0131yor. Projede her \u00fc\u00e7 hat i\u00e7in ayr\u0131 ekipler sahada g\u00f6rev al\u0131rken, \u00e7al\u0131\u015fmalar e\u015f zamanl\u0131 olarak ilerliyor.<\/p>\n<p>\u00c7al\u0131\u015fmalar\u0131n 7 bin 900 metresi tamamland\u0131<br \/>\n<br \/>Projenin en k\u0131sa s\u00fcrede tamamlan\u0131p hatt\u0131n devreye al\u0131nabilmesi i\u00e7in Bodrum\u2019un \u00fc\u00e7 ayr\u0131 b\u00f6lgesinde ayn\u0131 anda \u00e7al\u0131\u015fma ger\u00e7ekle\u015ftiriliyor.<br \/>\n<br \/>Bu \u00e7al\u0131\u015fmalar\u0131n 1. K\u0131sm\u0131 olan Torba hatt\u0131nda toplam 3 bin 800 metrelik hatt\u0131n 2 bin 700 metresi tamamlanarak y\u00fczde 70 fiziki ger\u00e7ekle\u015fme sa\u011fland\u0131. 2. k\u0131s\u0131m Oyder-Bitez hatt\u0131nda ise 8 bin 700 metre uzunlu\u011fundaki hatt\u0131n 800 metresi bitirilerek y\u00fczde 9\u2019luk ilerleme kaydedildi. Projenin en uzun b\u00f6l\u00fcm\u00fcn\u00fc olu\u015fturan Turgutreis hatt\u0131nda ise 9 bin 500 metrelik hatt\u0131n 4 bin 400 metresi tamamlanarak y\u00fczde 50 seviyesine ula\u015f\u0131ld\u0131. \u00c7al\u0131\u015fmalar etaplar halinde ve planlanan takvime uygun olarak devam ediyor.<\/p>\n<p>Ba\u015fkan Aras, &#8220;Bodrum\u2019un su sorunlar\u0131n\u0131n \u00e7\u00f6z\u00fcm\u00fc i\u00e7in farkl\u0131 alternatiflere y\u00f6neldik&#8221;<br \/>\n<br \/>Mu\u011fla B\u00fcy\u00fck\u015fehir Belediye Ba\u015fkan\u0131 Ahmet Aras, &#8220;\u0130limiz genelinde altyap\u0131 yat\u0131r\u0131mlar\u0131na b\u00fcy\u00fck \u00f6nem veriyoruz. Bodrum, yaz aylar\u0131nda n\u00fcfusun birka\u00e7 kat artmas\u0131yla birlikte su ihtiyac\u0131n\u0131n en y\u00fcksek oldu\u011fu il\u00e7elerimizin ba\u015f\u0131nda geliyor. Bu nedenle sadece mevcut iletim hatlar\u0131n\u0131 yenilemekle kalm\u0131yor, ayn\u0131 zamanda su kaynaklar\u0131m\u0131z\u0131 art\u0131racak projeleri de hayata ge\u00e7iriyoruz. Bunun i\u00e7in ise sadece yeralt\u0131 su kaynaklar\u0131n\u0131n sisteme dahil edilmesi de\u011fil denizden su ar\u0131tma dahil t\u00fcm se\u00e7enekleri hayata ge\u00e7iriyoruz. Torba\u2019dan Turgutreis\u2019e uzanan hat yenileme projesi, il\u00e7emizdeki mevcut suyun verimli \u015fekilde iletilmesini sa\u011flayacak. Bunun yan\u0131nda Bodrum\u2019un uzun vadeli su ihtiyac\u0131n\u0131 kar\u015f\u0131lamak i\u00e7in yeni baraj yap\u0131m\u0131 konusunda gerekli ad\u0131mlar\u0131n at\u0131lmas\u0131 gerekiyor. Modern ve dayan\u0131kl\u0131 malzemelerle yenilenen hatlar, kay\u0131p-ka\u00e7ak oranlar\u0131n\u0131 en aza indirecek ve suyun vatanda\u015flar\u0131m\u0131za daha kesintisiz \u015fekilde ula\u015fmas\u0131n\u0131 sa\u011flayacak. Bu s\u00fcre\u00e7te vatanda\u015flar\u0131m\u0131z\u0131n g\u00f6sterdi\u011fi sab\u0131r ve anlay\u0131\u015f bizim i\u00e7in \u00e7ok de\u011ferli. \u00c7al\u0131\u015fmalar tamamland\u0131\u011f\u0131nda Bodrum\u2019un hem bug\u00fcnk\u00fc hem de gelecekteki su ihtiyac\u0131n\u0131 kar\u015f\u0131layacak g\u00fc\u00e7l\u00fc bir altyap\u0131ya sahip olaca\u011f\u0131na inan\u0131yorum. \u00d6nceli\u011fimiz, halk\u0131m\u0131z\u0131n ya\u015fam kalitesini y\u00fckseltmek ve gelece\u011fe g\u00fcvenle bakan bir Bodrum in\u015fa etmektir&#8221; ifadelerini kulland\u0131.<br \/><\/p>\n","protected":false},"excerpt":{"rendered":"<p>Mu\u011fla B\u00fcy\u00fck\u015fehir Belediyesi MUSK\u0130 Genel M\u00fcd\u00fcrl\u00fc\u011f\u00fc, Bodrum\u2019da s\u00fcrekli ar\u0131zalanarak su, i\u015f g\u00fcc\u00fc ve maddi kay\u0131plara neden olan ar\u0131zal\u0131 i\u00e7me suyu altyap\u0131s\u0131n\u0131 yenilemek i\u00e7in ba\u015flatt\u0131\u011f\u0131 \u00e7al\u0131\u015fmalar\u0131n 7 bin 900 metrelik k\u0131sm\u0131n\u0131 tamamlad\u0131. Torba, Oyder-Bitez ve Turgutreis hatlar\u0131nda ba\u015flat\u0131lan yenileme \u00e7al\u0131\u015fmalar\u0131 ile b\u00f6lgedeki ana hatlar yenilenerek b\u00f6lgedeki i\u00e7me suyu iletim kapasitesinin art\u0131r\u0131lmas\u0131 hedefleniyor. Bodrum\u2019da y\u0131llard\u0131r devam eden&#8230;<\/p>\n","protected":false},"author":1,"featured_media":47597,"comment_status":"open","ping_status":"open","sticky":false,"template":"","format":"standard","meta":{"_crdt_document":"","footnotes":""},"categories":[1],"tags":[],"class_list":["post-47596","post","type-post","status-publish","format-standard","has-post-thumbnail","hentry","category-guncel"],"_links":{"self":[{"href":"https:\/\/www.egemtv.com\/index.php?rest_route=\/wp\/v2\/posts\/47596","targetHints":{"allow":["GET"]}}],"collection":[{"href":"https:\/\/www.egemtv.com\/index.php?rest_route=\/wp\/v2\/posts"}],"about":[{"href":"https:\/\/www.egemtv.com\/index.php?rest_route=\/wp\/v2\/types\/post"}],"author":[{"embeddable":true,"href":"https:\/\/www.egemtv.com\/index.php?rest_route=\/wp\/v2\/users\/1"}],"replies":[{"embeddable":true,"href":"https:\/\/www.egemtv.com\/index.php?rest_route=%2Fwp%2Fv2%2Fcomments&post=47596"}],"version-history":[{"count":1,"href":"https:\/\/www.egemtv.com\/index.php?rest_route=\/wp\/v2\/posts\/47596\/revisions"}],"predecessor-version":[{"id":47598,"href":"https:\/\/www.egemtv.com\/index.php?rest_route=\/wp\/v2\/posts\/47596\/revisions\/47598"}],"wp:featuredmedia":[{"embeddable":true,"href":"https:\/\/www.egemtv.com\/index.php?rest_route=\/wp\/v2\/media\/47597"}],"wp:attachment":[{"href":"https:\/\/www.egemtv.com\/index.php?rest_route=%2Fwp%2Fv2%2Fmedia&parent=47596"}],"wp:term":[{"taxonomy":"category","embeddable":true,"href":"https:\/\/www.egemtv.com\/index.php?rest_route=%2Fwp%2Fv2%2Fcategories&post=47596"},{"taxonomy":"post_tag","embeddable":true,"href":"https:\/\/www.egemtv.com\/index.php?rest_route=%2Fwp%2Fv2%2Ftags&post=47596"}],"curies":[{"name":"wp","href":"https:\/\/api.w.org\/{rel}","templated":true}]}}